{"id":155132,"date":"2016-09-14T18:56:07","date_gmt":"2016-09-14T16:56:07","guid":{"rendered":"http:\/\/www.fuldaer-nachrichten.de\/?p=155132"},"modified":"2016-09-14T18:56:07","modified_gmt":"2016-09-14T16:56:07","slug":"wir-fuer-gersfeld-feiert-am-17-und-18-september-ein-herbstfestival-fuer-die-ganze-familie","status":"publish","type":"post","link":"https:\/\/www.fuldaernachrichten.de\/?p=155132","title":{"rendered":"\u201eWir f\u00fcr Gersfeld\u201c feiert am 17. und 18. September ein Herbstfestival f\u00fcr die ganze Familie"},"content":{"rendered":"<p>Das Rh\u00f6nst\u00e4dtchen Gersfeld l\u00e4utet den Herbst mit Livemusik und einem bunten Familientag des Vereins \u201eWir f\u00fcr Gersfeld\u201c ein. Am Samstag, 17.9. spielt \u201elive und open air\u201c die BigBand \u201eAll inclusive\u201c am Marktplatz und am Sonntag, 20.9. sind regionale Produkte, gem\u00fctliches Bummeln und Einkaufen sowie Spa\u00df beim St\u00f6bern auf dem Kinderflohmarkt angesagt.<\/p>\n<p>Rechtzeitig zum Herbstbeginn steht das fast schon traditionelle Herbstfestival vor der T\u00fcr: Start ist dieses Jahr am Samstag, 17. September ab 19:00 Uhr mit der Pop- und Soul BigBand \u201eAll inclusive\u201c am Gersfelder Marktplatz. Die Nachwuchs-Big-Band aus Neuhof gastiert nicht zum ersten Mal in Gersfeld und bietet mit St\u00fccken von K\u00fcnstlern wie Carole King, Bruno Mars oder Avici ein vielf\u00e4ltiges musikalisches Spektrum, das gleich mehrere Generationen anspricht und zum Mittanzen, Mitsingen und Mitfeiern anregt.<\/p>\n<p>Am Sonntag, 18. September, findet dann auf dem Marktplatz der Gersfelder Bauernmarkt statt. Von 11 bis 17 Uhr besteht hier die M\u00f6glichkeit, Rh\u00f6ner Spezialit\u00e4ten aus eigener Herstellung und Produkte Rh\u00f6ner Selbstvermarkter zu probieren und einzukaufen. Die Standbetreiber halten eine breite Palette an selbst hergestellten und verarbeiteten Erzeugnissen von Brot und K\u00e4se \u00fcber Gew\u00fcrze und Schnaps bis hin zum selbst gemachten Schmuck und Kunsthandwerk bereit. Erg\u00e4nzend zum Markttreiben haben auch die Gersfelder Gesch\u00e4fte die Ladent\u00fcren zum verkaufsoffenen Sonntag ge\u00f6ffnet. Von 11 bis 17 Uhr wird das Einkaufen in entspannter Atmosph\u00e4re zum Erlebnis. Das breit gef\u00e4cherte Angebot l\u00e4sst fast keine W\u00fcnsche offen. Textilien, Schuhe, Schmuck, Deko- und Geschenkartikel sowie Spielwaren geh\u00f6ren zum vielseitigen Sortiment. Die teilnehmenden Gesch\u00e4fte halten f\u00fcr Ihre gro\u00dfen und kleinen Kunden herbstliche Verkaufsaktionen und Angebote bereit.<\/p>\n<p>Ab 13 Uhr hei\u00dft es dann nach Herzenslust St\u00f6bern auf dem Flohmarkt im Gersfelder Schlo\u00dfpark. Hier bieten bis 17 Uhr vornehmlich Kinder und Jugendliche ihre ausrangierten Spielsachen, B\u00fccher, CD\u00e2\u20ac\u2122s und andere gut erhaltene Dinge an.<\/p>\n<p>Musikalisch umrahmt wird der Markt ab 14 Uhr mit einem Platzkonzert der Stadtkapelle Gersfeld vor dem Rathaus. Kulinarisch abgerundet wird das Sonntags-Angebot am Marktplatz durch erlesene Weine und Spezialit\u00e4ten vom Grill sowie durch die abwechslungsreichen Speisekarten in den ans\u00e4ssigen Gastronomiebetrieben rund um den Marktplatz. Kaffee und Rh\u00f6ner Blechkuchen nach traditionellen Rezepten oder italienische Eisspezialit\u00e4ten laden ebenfalls zum gem\u00fctlichen Verweilen ein.<\/p>\n","protected":false},"excerpt":{"rendered":"<div class=\"tmnf_excerpt\"><p>Das Rh\u00f6nst\u00e4dtchen Gersfeld l\u00e4utet den Herbst mit Livemusik und einem bunten Familientag des Vereins \u201eWir f\u00fcr Gersfeld\u201c ein. Am Samstag, 17.9. spielt \u201elive und open air\u201c die BigBand \u201eAll inclusive\u201c am Marktplatz und am Sonntag, 20.9. sind regionale Produkte, gem\u00fctliches Bummeln und Einkaufen sowie Spa\u00df beim St\u00f6bern auf dem Kinderflohmarkt angesagt. Rechtzeitig zum Herbstbeginn steht &hellip;<\/p>\n<\/div>","protected":false},"author":1,"featured_media":0,"comment_status":"closed","ping_status":"closed","sticky":false,"template":"","format":"standard","meta":{"footnotes":""},"categories":[1],"tags":[],"class_list":["post-155132","post","type-post","status-publish","format-standard","hentry","category-startseite"],"_links":{"self":[{"href":"https:\/\/www.fuldaernachrichten.de\/index.php?rest_route=\/wp\/v2\/posts\/155132","targetHints":{"allow":["GET"]}}],"collection":[{"href":"https:\/\/www.fuldaernachrichten.de\/index.php?rest_route=\/wp\/v2\/posts"}],"about":[{"href":"https:\/\/www.fuldaernachrichten.de\/index.php?rest_route=\/wp\/v2\/types\/post"}],"author":[{"embeddable":true,"href":"https:\/\/www.fuldaernachrichten.de\/index.php?rest_route=\/wp\/v2\/users\/1"}],"replies":[{"embeddable":true,"href":"https:\/\/www.fuldaernachrichten.de\/index.php?rest_route=%2Fwp%2Fv2%2Fcomments&post=155132"}],"version-history":[{"count":1,"href":"https:\/\/www.fuldaernachrichten.de\/index.php?rest_route=\/wp\/v2\/posts\/155132\/revisions"}],"predecessor-version":[{"id":155138,"href":"https:\/\/www.fuldaernachrichten.de\/index.php?rest_route=\/wp\/v2\/posts\/155132\/revisions\/155138"}],"wp:attachment":[{"href":"https:\/\/www.fuldaernachrichten.de\/index.php?rest_route=%2Fwp%2Fv2%2Fmedia&parent=155132"}],"wp:term":[{"taxonomy":"category","embeddable":true,"href":"https:\/\/www.fuldaernachrichten.de\/index.php?rest_route=%2Fwp%2Fv2%2Fcategories&post=155132"},{"taxonomy":"post_tag","embeddable":true,"href":"https:\/\/www.fuldaernachrichten.de\/index.php?rest_route=%2Fwp%2Fv2%2Ftags&post=155132"}],"curies":[{"name":"wp","href":"https:\/\/api.w.org\/{rel}","templated":true}]}}