{"id":155124,"date":"2016-09-14T18:54:53","date_gmt":"2016-09-14T16:54:53","guid":{"rendered":"http:\/\/www.fuldaer-nachrichten.de\/?p=155124"},"modified":"2016-09-14T18:54:53","modified_gmt":"2016-09-14T16:54:53","slug":"frauenfruehstueck-und-maennerabend-am-mittwoch-21-september-2016","status":"publish","type":"post","link":"https:\/\/www.fuldaernachrichten.de\/?p=155124","title":{"rendered":"Frauenfr\u00fchst\u00fcck und M\u00e4nnerabend am Mittwoch, 21. September 2016"},"content":{"rendered":"<p>Am 21. September l\u00e4dt das St. Bonifatiuskloster in H\u00fcnfeld wieder zum Frauenfr\u00fchst\u00fcck ein. Superior P. Martin Wolf OMI h\u00e4lt unter dem Titel \u201eHerz-Schmerz \u2013 und dies und anderes\u201c geistliches und interessantes f\u00fcr die Frauen bereit. Das Frauenfr\u00fchst\u00fcck beginnt um 8.30 Uhr mit der Feier der heiligen Messe in der Klosterkirche, Fr\u00fchst\u00fcck und Vortrag mit Gespr\u00e4ch schlie\u00dfen sich an, Ende ist gegen 11.15 Uhr. Der Beitrag f\u00fcr das Fr\u00fchst\u00fcck und den Referenten betr\u00e4gt 7,50 \u00e2\u201a\u00ac pro Person.<\/p>\n<p>Ebenfalls am Mittwoch, 21. September findet ein M\u00e4nnerabend statt. Hier geht es um das Thema: \u201eKinder und Enkel religi\u00f6s erziehen \u2013 k\u00f6nnen M\u00e4nner das?\u201c, Referent ist ebenfalls Superior P. Martin Wolf OMI. Der M\u00e4nnerabend beginnt mit dem Abendessen um 18.30 Uhr. Vortrag und Gespr\u00e4ch schlie\u00dfen sich an, Ende ist gegen 21.00 Uhr. Der Beitrag f\u00fcr das Abendessen und den Referenten betr\u00e4gt 10 \u00e2\u201a\u00ac pro Person.<br \/>\nUm Anmeldung im G\u00e4steb\u00fcro des St. Bonifatiusklosters wird gebeten: gaestebuero@bonifatiuskloster.de oder 06652\/94537.<\/p>\n","protected":false},"excerpt":{"rendered":"<div class=\"tmnf_excerpt\"><p>Am 21. September l\u00e4dt das St. Bonifatiuskloster in H\u00fcnfeld wieder zum Frauenfr\u00fchst\u00fcck ein. Superior P. Martin Wolf OMI h\u00e4lt unter dem Titel \u201eHerz-Schmerz \u2013 und dies und anderes\u201c geistliches und interessantes f\u00fcr die Frauen bereit. Das Frauenfr\u00fchst\u00fcck beginnt um 8.30 Uhr mit der Feier der heiligen Messe in der Klosterkirche, Fr\u00fchst\u00fcck und Vortrag mit Gespr\u00e4ch &hellip;<\/p>\n<\/div>","protected":false},"author":1,"featured_media":0,"comment_status":"closed","ping_status":"closed","sticky":false,"template":"","format":"standard","meta":{"footnotes":""},"categories":[1],"tags":[],"class_list":["post-155124","post","type-post","status-publish","format-standard","hentry","category-startseite"],"_links":{"self":[{"href":"https:\/\/www.fuldaernachrichten.de\/index.php?rest_route=\/wp\/v2\/posts\/155124","targetHints":{"allow":["GET"]}}],"collection":[{"href":"https:\/\/www.fuldaernachrichten.de\/index.php?rest_route=\/wp\/v2\/posts"}],"about":[{"href":"https:\/\/www.fuldaernachrichten.de\/index.php?rest_route=\/wp\/v2\/types\/post"}],"author":[{"embeddable":true,"href":"https:\/\/www.fuldaernachrichten.de\/index.php?rest_route=\/wp\/v2\/users\/1"}],"replies":[{"embeddable":true,"href":"https:\/\/www.fuldaernachrichten.de\/index.php?rest_route=%2Fwp%2Fv2%2Fcomments&post=155124"}],"version-history":[{"count":1,"href":"https:\/\/www.fuldaernachrichten.de\/index.php?rest_route=\/wp\/v2\/posts\/155124\/revisions"}],"predecessor-version":[{"id":155131,"href":"https:\/\/www.fuldaernachrichten.de\/index.php?rest_route=\/wp\/v2\/posts\/155124\/revisions\/155131"}],"wp:attachment":[{"href":"https:\/\/www.fuldaernachrichten.de\/index.php?rest_route=%2Fwp%2Fv2%2Fmedia&parent=155124"}],"wp:term":[{"taxonomy":"category","embeddable":true,"href":"https:\/\/www.fuldaernachrichten.de\/index.php?rest_route=%2Fwp%2Fv2%2Fcategories&post=155124"},{"taxonomy":"post_tag","embeddable":true,"href":"https:\/\/www.fuldaernachrichten.de\/index.php?rest_route=%2Fwp%2Fv2%2Ftags&post=155124"}],"curies":[{"name":"wp","href":"https:\/\/api.w.org\/{rel}","templated":true}]}}