{"id":155123,"date":"2016-09-14T18:52:52","date_gmt":"2016-09-14T16:52:52","guid":{"rendered":"http:\/\/www.fuldaer-nachrichten.de\/?p=155123"},"modified":"2016-09-14T18:52:52","modified_gmt":"2016-09-14T16:52:52","slug":"schlossgartenkonzert-mit-dem-fuldatal-musikanten-kaemmerzell-am-sonntag-den-18-09-2016","status":"publish","type":"post","link":"https:\/\/www.fuldaernachrichten.de\/?p=155123","title":{"rendered":"Schlossgartenkonzert mit dem Fuldatal Musikanten K\u00e4mmerzell am Sonntag, den 18.09.2016"},"content":{"rendered":"<p>Die Reihe der Schlossgartenkonzerte wird bei guter Witterung am Sonntag, den 18. September 2016, in der Zeit von 11.00 bis 12.00 Uhr auf der Freitreppe vor der Orangerie fortgesetzt. Es spielen die Fuldatal Musikanten K\u00e4mmerzell, die sich \u00fcber viele Zuh\u00f6rer freuen.<\/p>\n","protected":false},"excerpt":{"rendered":"<div class=\"tmnf_excerpt\"><p>Die Reihe der Schlossgartenkonzerte wird bei guter Witterung am Sonntag, den 18. September 2016, in der Zeit von 11.00 bis 12.00 Uhr auf der Freitreppe vor der Orangerie fortgesetzt. Es spielen die Fuldatal Musikanten K\u00e4mmerzell, die sich \u00fcber viele Zuh\u00f6rer freuen.<\/p>\n<\/div>","protected":false},"author":1,"featured_media":155128,"comment_status":"closed","ping_status":"closed","sticky":false,"template":"","format":"standard","meta":{"footnotes":""},"categories":[1],"tags":[],"class_list":["post-155123","post","type-post","status-publish","format-standard","has-post-thumbnail","hentry","category-startseite"],"_links":{"self":[{"href":"https:\/\/www.fuldaernachrichten.de\/index.php?rest_route=\/wp\/v2\/posts\/155123","targetHints":{"allow":["GET"]}}],"collection":[{"href":"https:\/\/www.fuldaernachrichten.de\/index.php?rest_route=\/wp\/v2\/posts"}],"about":[{"href":"https:\/\/www.fuldaernachrichten.de\/index.php?rest_route=\/wp\/v2\/types\/post"}],"author":[{"embeddable":true,"href":"https:\/\/www.fuldaernachrichten.de\/index.php?rest_route=\/wp\/v2\/users\/1"}],"replies":[{"embeddable":true,"href":"https:\/\/www.fuldaernachrichten.de\/index.php?rest_route=%2Fwp%2Fv2%2Fcomments&post=155123"}],"version-history":[{"count":1,"href":"https:\/\/www.fuldaernachrichten.de\/index.php?rest_route=\/wp\/v2\/posts\/155123\/revisions"}],"predecessor-version":[{"id":155129,"href":"https:\/\/www.fuldaernachrichten.de\/index.php?rest_route=\/wp\/v2\/posts\/155123\/revisions\/155129"}],"wp:featuredmedia":[{"embeddable":true,"href":"https:\/\/www.fuldaernachrichten.de\/index.php?rest_route=\/wp\/v2\/media\/155128"}],"wp:attachment":[{"href":"https:\/\/www.fuldaernachrichten.de\/index.php?rest_route=%2Fwp%2Fv2%2Fmedia&parent=155123"}],"wp:term":[{"taxonomy":"category","embeddable":true,"href":"https:\/\/www.fuldaernachrichten.de\/index.php?rest_route=%2Fwp%2Fv2%2Fcategories&post=155123"},{"taxonomy":"post_tag","embeddable":true,"href":"https:\/\/www.fuldaernachrichten.de\/index.php?rest_route=%2Fwp%2Fv2%2Ftags&post=155123"}],"curies":[{"name":"wp","href":"https:\/\/api.w.org\/{rel}","templated":true}]}}