{"id":155113,"date":"2016-09-13T19:04:10","date_gmt":"2016-09-13T17:04:10","guid":{"rendered":"http:\/\/www.fuldaer-nachrichten.de\/?p=155113"},"modified":"2016-09-13T19:04:10","modified_gmt":"2016-09-13T17:04:10","slug":"patiententag-2016-des-onkologischen-zentrums-im-klinikum-fulda-fuer-patienten-angehoerige-und-interessierte","status":"publish","type":"post","link":"https:\/\/www.fuldaernachrichten.de\/?p=155113","title":{"rendered":"Patiententag 2016 des Onkologischen Zentrums im Klinikum Fulda F\u00fcr Patienten, Angeh\u00f6rige und Interessierte"},"content":{"rendered":"<p>Das Onkologische Zentrum am Klinikum Fulda und das Onkologische Zentrum Osthessen laden am 21. September 2016 von 16.00 bis 19.00 Uhr zum Patiententag in den H\u00f6rsaal des Klinikums Fulda ein! Neue Therapieans\u00e4tze in der modernen onkologischen Medizin werden allgemeinverst\u00e4ndlich pr\u00e4sentiert. Unsere Experten beantworten Ihre Fragen und erkl\u00e4ren Ihnen, was Sie tun k\u00f6nnen, um\u00c2\u00a0 Ihre Therapie erfolgreich zu gestalten.<\/p>\n<p>Die individuell auf jeden einzelnen Patienten zugeschnittene Behandlung kennzeichnet die moderne Tumortherapie. F\u00fcr einen erfolgrei-chen Ablauf ist es wichtig, dass die Betroffenen optimal informiert sind. Deshalb steht vor jeder Behandlung eine ausf\u00fchrliche Aufkl\u00e4rung. Manche Fragen entstehen aber auch erst im Laufe der Behandlung.<\/p>\n<p>Der Patiententag des Onkologischen Zentrums am Klinikum Fulda und des Onkologischen Zentrums Osthessen informiert \u00fcber Bew\u00e4hrtes und Neues und bietet Gelegenheit, Fragen zu stellen und Antworten zu erhalten. Es stehen die Themen im Vordergrund, die im Behandlungsalltag besonders relevant sind. Die diesj\u00e4hrige Veranstaltung dreht sich um die Themen Immuntherapie, gesunde Snacks w\u00e4hrend einer Therapie sowie die erfolgreiche Zusammenarbeit des Beratungs- und Selbsthilfe-Netzwerkes.<\/p>\n<p>Die Referenteninnen und Referenten geben in verst\u00e4ndlicher Sprache konkrete Hinweise, was der Patient beachten sollte und was aktiv getan werden kann, um zum Gelingen der Therapie beizutragen.\u00c2\u00a0 Dar\u00fcber hinaus stehen die Experten den Patienten, Angeh\u00f6rigen und Interessierten im Anschluss an die Vortr\u00e4ge gerne f\u00fcr die Beantwortung individueller Fragen zur Verf\u00fcgung. Informationsst\u00e4nde sowie Beratungsangebote der Selbsthilfegruppen runden das Programm ab.<\/p>\n","protected":false},"excerpt":{"rendered":"<div class=\"tmnf_excerpt\"><p>Das Onkologische Zentrum am Klinikum Fulda und das Onkologische Zentrum Osthessen laden am 21. September 2016 von 16.00 bis 19.00 Uhr zum Patiententag in den H\u00f6rsaal des Klinikums Fulda ein! Neue Therapieans\u00e4tze in der modernen onkologischen Medizin werden allgemeinverst\u00e4ndlich pr\u00e4sentiert. Unsere Experten beantworten Ihre Fragen und erkl\u00e4ren Ihnen, was Sie tun k\u00f6nnen, um\u00c2\u00a0 Ihre Therapie &hellip;<\/p>\n<\/div>","protected":false},"author":1,"featured_media":0,"comment_status":"closed","ping_status":"closed","sticky":false,"template":"","format":"standard","meta":{"footnotes":""},"categories":[1],"tags":[],"class_list":["post-155113","post","type-post","status-publish","format-standard","hentry","category-startseite"],"_links":{"self":[{"href":"https:\/\/www.fuldaernachrichten.de\/index.php?rest_route=\/wp\/v2\/posts\/155113","targetHints":{"allow":["GET"]}}],"collection":[{"href":"https:\/\/www.fuldaernachrichten.de\/index.php?rest_route=\/wp\/v2\/posts"}],"about":[{"href":"https:\/\/www.fuldaernachrichten.de\/index.php?rest_route=\/wp\/v2\/types\/post"}],"author":[{"embeddable":true,"href":"https:\/\/www.fuldaernachrichten.de\/index.php?rest_route=\/wp\/v2\/users\/1"}],"replies":[{"embeddable":true,"href":"https:\/\/www.fuldaernachrichten.de\/index.php?rest_route=%2Fwp%2Fv2%2Fcomments&post=155113"}],"version-history":[{"count":1,"href":"https:\/\/www.fuldaernachrichten.de\/index.php?rest_route=\/wp\/v2\/posts\/155113\/revisions"}],"predecessor-version":[{"id":155114,"href":"https:\/\/www.fuldaernachrichten.de\/index.php?rest_route=\/wp\/v2\/posts\/155113\/revisions\/155114"}],"wp:attachment":[{"href":"https:\/\/www.fuldaernachrichten.de\/index.php?rest_route=%2Fwp%2Fv2%2Fmedia&parent=155113"}],"wp:term":[{"taxonomy":"category","embeddable":true,"href":"https:\/\/www.fuldaernachrichten.de\/index.php?rest_route=%2Fwp%2Fv2%2Fcategories&post=155113"},{"taxonomy":"post_tag","embeddable":true,"href":"https:\/\/www.fuldaernachrichten.de\/index.php?rest_route=%2Fwp%2Fv2%2Ftags&post=155113"}],"curies":[{"name":"wp","href":"https:\/\/api.w.org\/{rel}","templated":true}]}}