{"id":155108,"date":"2016-09-13T19:06:50","date_gmt":"2016-09-13T17:06:50","guid":{"rendered":"http:\/\/www.fuldaer-nachrichten.de\/?p=155108"},"modified":"2016-09-13T19:06:50","modified_gmt":"2016-09-13T17:06:50","slug":"jetzt-zum-36-wettbewerb-unser-dorf-hat-zukunft-2017-anmelden","status":"publish","type":"post","link":"https:\/\/www.fuldaernachrichten.de\/?p=155108","title":{"rendered":"Jetzt zum 36. Wettbewerb \u201eUnser Dorf hat Zukunft\u201c 2017 anmelden"},"content":{"rendered":"<p>Orte mit bis zu 3.000 Einwohnern k\u00f6nnen sich ab sofort zum 36. Wettbewerb \u201eUnser Dorf hat Zukunft\u201c anmelden. Anmeldeschluss ist der 31. Januar 2017.<\/p>\n<p>Teilnahmeberechtigt sind alle r\u00e4umlich geschlossenen Orte mit \u00fcberwiegend d\u00f6rflichem Charakter. Weiterhin sind Zusammenschl\u00fcsse von benachbarten D\u00f6rfern teilnahmeberechtigt, die sich einer zukunftsf\u00e4higen Entwicklung im Sinne des Dorfwettbewerbs verpflichtet haben und von ihrer Struktur her l\u00e4ndlich gepr\u00e4gt sind.<\/p>\n<p>Ziel des Wettbewerbs ist es, die Dorfgemeinschaft dazu zu bewegen, ihre Chancen zu erkennen und die Zukunft ihres Dorfes aktiv in die eigenen H\u00e4nde zu nehmen. Der Wettbewerb soll f\u00fcr alle Beteiligten ein Anreiz sein, die Lebensqualit\u00e4t im Dorf zu verbessern und zu einer lebenswerten Zukunft f\u00fcr die nachfolgende Generation beizutragen.<\/p>\n<p>Grundlage der Bewertung der Wettbewerbsbeitr\u00e4ge ist eine ganzheitliche Betrachtung des Lebensraumes Dorf. Der Blick richtet sich dabei sowohl auf die vielf\u00e4ltigen Funktionen, das Erscheinungsbild von Dorf und Landschaft, als auch auf die \u00f6rtliche Wirtschaftskraft, die soziale und kulturelle Integration der verschiedenen Bev\u00f6lkerungsgruppen sowie die Angebote und Selbsthilfema\u00dfnahmen.<\/p>\n<p>Die Anmeldungen der Orte sind durch die Kommunen beim Landkreis Fulda, Fachdienst Regionalentwicklung, W\u00f6rthstra\u00dfe 15, 36037 Fulda abzugeben. F\u00fcr weitere Informationen steht Anke Schlosser unter (0661)6006-766 zur Verf\u00fcgung.<\/p>\n","protected":false},"excerpt":{"rendered":"<div class=\"tmnf_excerpt\"><p>Orte mit bis zu 3.000 Einwohnern k\u00f6nnen sich ab sofort zum 36. Wettbewerb \u201eUnser Dorf hat Zukunft\u201c anmelden. Anmeldeschluss ist der 31. Januar 2017. Teilnahmeberechtigt sind alle r\u00e4umlich geschlossenen Orte mit \u00fcberwiegend d\u00f6rflichem Charakter. Weiterhin sind Zusammenschl\u00fcsse von benachbarten D\u00f6rfern teilnahmeberechtigt, die sich einer zukunftsf\u00e4higen Entwicklung im Sinne des Dorfwettbewerbs verpflichtet haben und von ihrer &hellip;<\/p>\n<\/div>","protected":false},"author":1,"featured_media":155118,"comment_status":"closed","ping_status":"closed","sticky":false,"template":"","format":"standard","meta":{"footnotes":""},"categories":[1],"tags":[],"class_list":["post-155108","post","type-post","status-publish","format-standard","has-post-thumbnail","hentry","category-startseite"],"_links":{"self":[{"href":"https:\/\/www.fuldaernachrichten.de\/index.php?rest_route=\/wp\/v2\/posts\/155108","targetHints":{"allow":["GET"]}}],"collection":[{"href":"https:\/\/www.fuldaernachrichten.de\/index.php?rest_route=\/wp\/v2\/posts"}],"about":[{"href":"https:\/\/www.fuldaernachrichten.de\/index.php?rest_route=\/wp\/v2\/types\/post"}],"author":[{"embeddable":true,"href":"https:\/\/www.fuldaernachrichten.de\/index.php?rest_route=\/wp\/v2\/users\/1"}],"replies":[{"embeddable":true,"href":"https:\/\/www.fuldaernachrichten.de\/index.php?rest_route=%2Fwp%2Fv2%2Fcomments&post=155108"}],"version-history":[{"count":1,"href":"https:\/\/www.fuldaernachrichten.de\/index.php?rest_route=\/wp\/v2\/posts\/155108\/revisions"}],"predecessor-version":[{"id":155121,"href":"https:\/\/www.fuldaernachrichten.de\/index.php?rest_route=\/wp\/v2\/posts\/155108\/revisions\/155121"}],"wp:featuredmedia":[{"embeddable":true,"href":"https:\/\/www.fuldaernachrichten.de\/index.php?rest_route=\/wp\/v2\/media\/155118"}],"wp:attachment":[{"href":"https:\/\/www.fuldaernachrichten.de\/index.php?rest_route=%2Fwp%2Fv2%2Fmedia&parent=155108"}],"wp:term":[{"taxonomy":"category","embeddable":true,"href":"https:\/\/www.fuldaernachrichten.de\/index.php?rest_route=%2Fwp%2Fv2%2Fcategories&post=155108"},{"taxonomy":"post_tag","embeddable":true,"href":"https:\/\/www.fuldaernachrichten.de\/index.php?rest_route=%2Fwp%2Fv2%2Ftags&post=155108"}],"curies":[{"name":"wp","href":"https:\/\/api.w.org\/{rel}","templated":true}]}}