{"id":155106,"date":"2016-09-13T19:01:00","date_gmt":"2016-09-13T17:01:00","guid":{"rendered":"http:\/\/www.fuldaer-nachrichten.de\/?p=155106"},"modified":"2016-09-13T19:01:00","modified_gmt":"2016-09-13T17:01:00","slug":"gespraechsabend-am-24-september-in-kuenzell-was-thomas-morus-dem-antonius-sagt","status":"publish","type":"post","link":"https:\/\/www.fuldaernachrichten.de\/?p=155106","title":{"rendered":"Gespr\u00e4chsabend am 24. September in K\u00fcnzell &#8211; Was Thomas Morus dem Antonius sagt"},"content":{"rendered":"<p>Die Schutzpatrone im Pastoralverbund K\u00fcnzell und St. Pius diskutieren zum Jahr der Barmherzigkeit: Papst Pius X, Thomas Morus und Antonius von Padua kommen im Pfarrzentrum in K\u00fcnzell zusammen. Der Bundestagsabgeordnete Michael Brand vertritt dabei den Namensgeber des\u00c2\u00a0 Thomas-Morus-Hauses. F\u00fcr Antonius von Padua spricht der Franziskaner Bruder Gerhard Busche, und Pfarrer Dagobert Vonderau vertritt Papst Pius. Der Jounalist Hermann Diel wird die Veranstaltung moderieren und die Pfarrpatrone interviewen. Im \u201eJahr der Barmherzigkeit\u201c werden diese wortgewaltigen Glaubenszeugen ihre Stimme erheben zu Fragen der Zeit.<\/p>\n<p>Die Veranstaltung im frisch renovierten Thomas-Morus-Haus beginnt am Samstag, den 24. September, nach der Vorabendmesse um 19 Uhr 30. Der Eintritt ist frei.<\/p>\n","protected":false},"excerpt":{"rendered":"<div class=\"tmnf_excerpt\"><p>Die Schutzpatrone im Pastoralverbund K\u00fcnzell und St. Pius diskutieren zum Jahr der Barmherzigkeit: Papst Pius X, Thomas Morus und Antonius von Padua kommen im Pfarrzentrum in K\u00fcnzell zusammen. Der Bundestagsabgeordnete Michael Brand vertritt dabei den Namensgeber des\u00c2\u00a0 Thomas-Morus-Hauses. F\u00fcr Antonius von Padua spricht der Franziskaner Bruder Gerhard Busche, und Pfarrer Dagobert Vonderau vertritt Papst Pius. &hellip;<\/p>\n<\/div>","protected":false},"author":1,"featured_media":0,"comment_status":"closed","ping_status":"closed","sticky":false,"template":"","format":"standard","meta":{"footnotes":""},"categories":[1],"tags":[],"class_list":["post-155106","post","type-post","status-publish","format-standard","hentry","category-startseite"],"_links":{"self":[{"href":"https:\/\/www.fuldaernachrichten.de\/index.php?rest_route=\/wp\/v2\/posts\/155106","targetHints":{"allow":["GET"]}}],"collection":[{"href":"https:\/\/www.fuldaernachrichten.de\/index.php?rest_route=\/wp\/v2\/posts"}],"about":[{"href":"https:\/\/www.fuldaernachrichten.de\/index.php?rest_route=\/wp\/v2\/types\/post"}],"author":[{"embeddable":true,"href":"https:\/\/www.fuldaernachrichten.de\/index.php?rest_route=\/wp\/v2\/users\/1"}],"replies":[{"embeddable":true,"href":"https:\/\/www.fuldaernachrichten.de\/index.php?rest_route=%2Fwp%2Fv2%2Fcomments&post=155106"}],"version-history":[{"count":1,"href":"https:\/\/www.fuldaernachrichten.de\/index.php?rest_route=\/wp\/v2\/posts\/155106\/revisions"}],"predecessor-version":[{"id":155109,"href":"https:\/\/www.fuldaernachrichten.de\/index.php?rest_route=\/wp\/v2\/posts\/155106\/revisions\/155109"}],"wp:attachment":[{"href":"https:\/\/www.fuldaernachrichten.de\/index.php?rest_route=%2Fwp%2Fv2%2Fmedia&parent=155106"}],"wp:term":[{"taxonomy":"category","embeddable":true,"href":"https:\/\/www.fuldaernachrichten.de\/index.php?rest_route=%2Fwp%2Fv2%2Fcategories&post=155106"},{"taxonomy":"post_tag","embeddable":true,"href":"https:\/\/www.fuldaernachrichten.de\/index.php?rest_route=%2Fwp%2Fv2%2Ftags&post=155106"}],"curies":[{"name":"wp","href":"https:\/\/api.w.org\/{rel}","templated":true}]}}