{"id":155101,"date":"2016-09-13T19:00:35","date_gmt":"2016-09-13T17:00:35","guid":{"rendered":"http:\/\/www.fuldaer-nachrichten.de\/?p=155101"},"modified":"2016-09-13T19:00:35","modified_gmt":"2016-09-13T17:00:35","slug":"innenstadtentwicklung-wohnen-und-w-lan-buergerversammlung-am-28-september-in-der-stadthalle","status":"publish","type":"post","link":"https:\/\/www.fuldaernachrichten.de\/?p=155101","title":{"rendered":"Innenstadtentwicklung Wohnen und W-Lan &#8211; B\u00fcrgerversammlung am 28. September in der Stadthalle"},"content":{"rendered":"<p>Die diesj\u00e4hrige B\u00fcrgerversammlung der Stadt H\u00fcnfeld findet am Mittwoch, 28. September um 20 Uhr in der Stadthalle Kolpinghaus statt. Auf der Tagesordnung stehen unter anderem die Themen \u00f6ffentliches W-Lan, Innenstadtentwicklung und Wohnraum.<\/p>\n<p>Stadtverordnetenvorsteher Berthold Quell, der zu dieser B\u00fcrgerversammlung einl\u00e4dt, wird unterst\u00fctz durch B\u00fcrgermeister Stefan Schwenk. Er wird den B\u00fcrgern zu diesen und anderen Themen gemeinsam mit leitenden Mitarbeitern der Stadtverwaltung Rede und Antwort stehen.<\/p>\n<p>Informiert werden soll an diesem Abend auch \u00fcber anstehende Tiefbau- und Verkehrsinfrastrukturma\u00dfnahmen sowie die neue einheitliche Beh\u00f6rdennummer 115, an der sich auch die Stadt H\u00fcnfeld beteiligt.<\/p>\n","protected":false},"excerpt":{"rendered":"<div class=\"tmnf_excerpt\"><p>Die diesj\u00e4hrige B\u00fcrgerversammlung der Stadt H\u00fcnfeld findet am Mittwoch, 28. September um 20 Uhr in der Stadthalle Kolpinghaus statt. Auf der Tagesordnung stehen unter anderem die Themen \u00f6ffentliches W-Lan, Innenstadtentwicklung und Wohnraum. Stadtverordnetenvorsteher Berthold Quell, der zu dieser B\u00fcrgerversammlung einl\u00e4dt, wird unterst\u00fctz durch B\u00fcrgermeister Stefan Schwenk. Er wird den B\u00fcrgern zu diesen und anderen Themen &hellip;<\/p>\n<\/div>","protected":false},"author":1,"featured_media":0,"comment_status":"closed","ping_status":"closed","sticky":false,"template":"","format":"standard","meta":{"footnotes":""},"categories":[1],"tags":[],"class_list":["post-155101","post","type-post","status-publish","format-standard","hentry","category-startseite"],"_links":{"self":[{"href":"https:\/\/www.fuldaernachrichten.de\/index.php?rest_route=\/wp\/v2\/posts\/155101","targetHints":{"allow":["GET"]}}],"collection":[{"href":"https:\/\/www.fuldaernachrichten.de\/index.php?rest_route=\/wp\/v2\/posts"}],"about":[{"href":"https:\/\/www.fuldaernachrichten.de\/index.php?rest_route=\/wp\/v2\/types\/post"}],"author":[{"embeddable":true,"href":"https:\/\/www.fuldaernachrichten.de\/index.php?rest_route=\/wp\/v2\/users\/1"}],"replies":[{"embeddable":true,"href":"https:\/\/www.fuldaernachrichten.de\/index.php?rest_route=%2Fwp%2Fv2%2Fcomments&post=155101"}],"version-history":[{"count":1,"href":"https:\/\/www.fuldaernachrichten.de\/index.php?rest_route=\/wp\/v2\/posts\/155101\/revisions"}],"predecessor-version":[{"id":155107,"href":"https:\/\/www.fuldaernachrichten.de\/index.php?rest_route=\/wp\/v2\/posts\/155101\/revisions\/155107"}],"wp:attachment":[{"href":"https:\/\/www.fuldaernachrichten.de\/index.php?rest_route=%2Fwp%2Fv2%2Fmedia&parent=155101"}],"wp:term":[{"taxonomy":"category","embeddable":true,"href":"https:\/\/www.fuldaernachrichten.de\/index.php?rest_route=%2Fwp%2Fv2%2Fcategories&post=155101"},{"taxonomy":"post_tag","embeddable":true,"href":"https:\/\/www.fuldaernachrichten.de\/index.php?rest_route=%2Fwp%2Fv2%2Ftags&post=155101"}],"curies":[{"name":"wp","href":"https:\/\/api.w.org\/{rel}","templated":true}]}}