{"id":155097,"date":"2016-09-13T19:00:07","date_gmt":"2016-09-13T17:00:07","guid":{"rendered":"http:\/\/www.fuldaer-nachrichten.de\/?p=155097"},"modified":"2016-09-13T19:00:07","modified_gmt":"2016-09-13T17:00:07","slug":"fluegel-spricht-sich-fuer-erneute-auslegung-aus-32-000-einwendungen-gegen-teilregionalplan-wind-sollten-sorgfaeltig-abgearbeitet-werden","status":"publish","type":"post","link":"https:\/\/www.fuldaernachrichten.de\/?p=155097","title":{"rendered":"Fl\u00fcgel spricht sich f\u00fcr erneute Auslegung aus 32.000 Einwendungen gegen Teilregionalplan Wind sollten sorgf\u00e4ltig abgearbeitet werden"},"content":{"rendered":"<p>F\u00fcr eine dritte Auslegung des Teilregionalplans Wind f\u00fcr Nord- und Osthessen spricht sich H\u00fcnfelds Erster Stadtrat Theo Fl\u00fcgel aus. Angesichts der Vielzahl von 32.000 Einwendungen und der durch gutachterliche Feststellung untermauerten Qualit\u00e4t der Stellungnahmen ist es nach \u00dcberzeugung Fl\u00fcgels gegenw\u00e4rtig nicht m\u00f6glich, einen gerichtsfesten und von den B\u00fcrgern akzeptierten Teilregionalplan zu beschlie\u00dfen. Einige nordhessische Kommunen h\u00e4tten bereits Klage angedroht.<\/p>\n<p>In dem vorliegenden Entwurf, \u00fcber den die Regionalversammlung Anfang Oktober abstimmen wolle, seien einige Festlegungen nach Auffassung des H\u00fcnfelder Ersten Stadtrates nicht mit dem geltenden Naturschutzrecht vereinbar. Nach allen Informationen die gegenw\u00e4rtig vorl\u00e4gen, so Fl\u00fcgel, seien auch die vom Regierungspr\u00e4sidium selbst stets genannten Kriterien im Hinblick auf Abstandsfl\u00e4chen, Beschattung- und L\u00e4rmemissionen bei vielen Vorranggebieten nicht immer eingehalten. Er k\u00f6nne gegenw\u00e4rtig nicht erkennen, dass den von der Stadt und den \u00f6rtlichen B\u00fcrgerinitiativen vorgebrachten Einwendungen Rechnung getragen werde, obwohl diese durch Gutachten von Naturschutzfachleuten und vom T\u00dcV Rheinland untermauert worden seien. Dies betreffe beispielsweise den Schattenwurf und die L\u00e4rmbel\u00e4stigung.<\/p>\n<p>Auch naturschutzfachliche Fragenstellungen im Hinblick auf Rotmilan, St\u00f6rche und Flederm\u00e4use seien eindeutige Ausschlusskriterien nach den immer wieder propagierten Vorgaben des Regierungspr\u00e4sidiums, aber auch nach dem Bundesnaturschutzgesetz.<\/p>\n<p>Sicher sei es den B\u00fcrgern in H\u00fcnfeld nicht zu vermitteln, dass landesweit ein Anteil an Vorrangfl\u00e4chen von 2 Prozent der Landesfl\u00e4che angestrebt werde, im Stadtgebiet von H\u00fcnfeld dagegen bis zu 5 Prozent als Vorrangfl\u00e4chen ausgewiesen werden sollen, obwohl nach allen vorliegenden Erkenntnissen der Windertrag an diesen Standorten an der untersten Grenze liege. Wenn von vorneherein weite Teile des Biosph\u00e4renreservates ausgeschlossen w\u00fcrden, dann k\u00f6nne es nicht zielf\u00fchrend sein, wenn dann der Rest des Kreisgebietes alles alleine aufnehmen m\u00fcsse. Wer solche gro\u00dffl\u00e4chigen Gebiete ausschlie\u00dfe, m\u00fcsse f\u00fcr einen Ausgleich \u00fcber die Grenzen des Kreisgebietes hinaus Sorge tragen, fordert Fl\u00fcgel.<\/p>\n<p>Nach allen bislang vorliegenden Informationen werde diesen Fragestellungen jetzt im zweiten Verfahren nicht oder zumindest nicht hinreichend Rechnung getragen. Deshalb sollte die Chance genutzt werden, im Rahmen einer dritten Auslegung noch einmal in aller Sorgfalt diese Einwendungen zu gewichten. Auch der Regionalversammlung k\u00f6nne es nicht daran gelegen sein, dass jetzt diese Vorlage durchgedr\u00fcckt werde, obwohl sie angesichts der offenkundigen Zielkonflikte dann m\u00f6glicherweise vor Gericht einkassiert werde. Viel mehr gelte es, in einem sachgerechten Verfahren auch die Akzeptanz der B\u00fcrger vor Ort zu gewinnen, betont Fl\u00fcgel. Er sei selbst wiederholt von B\u00fcrgern, die der Energiewende eigentlich positiv und aufgeschlossen gegen\u00fcberst\u00fcnden, angesprochen worden, die sich schockiert gezeigt h\u00e4tten, angesichts der Naturzerst\u00f6rung f\u00fcr den Bau gigantischer Windkraftanlagen im Dammersbacher Wald. Wer so massiv in intakte Strukturen von Landschaft und Natur eingreife, der sollte sich in jedem Fall auf einer sachgerechten Grundlage bewegen und tats\u00e4chlich fundiert vorgetragene Einwendungen nicht beiseite wischen, schreibt der Erste Stadtrat in einer Presseerkl\u00e4rung abschlie\u00dfend.<\/p>\n","protected":false},"excerpt":{"rendered":"<div class=\"tmnf_excerpt\"><p>F\u00fcr eine dritte Auslegung des Teilregionalplans Wind f\u00fcr Nord- und Osthessen spricht sich H\u00fcnfelds Erster Stadtrat Theo Fl\u00fcgel aus. Angesichts der Vielzahl von 32.000 Einwendungen und der durch gutachterliche Feststellung untermauerten Qualit\u00e4t der Stellungnahmen ist es nach \u00dcberzeugung Fl\u00fcgels gegenw\u00e4rtig nicht m\u00f6glich, einen gerichtsfesten und von den B\u00fcrgern akzeptierten Teilregionalplan zu beschlie\u00dfen. Einige nordhessische Kommunen &hellip;<\/p>\n<\/div>","protected":false},"author":1,"featured_media":0,"comment_status":"closed","ping_status":"closed","sticky":false,"template":"","format":"standard","meta":{"footnotes":""},"categories":[1],"tags":[],"class_list":["post-155097","post","type-post","status-publish","format-standard","hentry","category-startseite"],"_links":{"self":[{"href":"https:\/\/www.fuldaernachrichten.de\/index.php?rest_route=\/wp\/v2\/posts\/155097","targetHints":{"allow":["GET"]}}],"collection":[{"href":"https:\/\/www.fuldaernachrichten.de\/index.php?rest_route=\/wp\/v2\/posts"}],"about":[{"href":"https:\/\/www.fuldaernachrichten.de\/index.php?rest_route=\/wp\/v2\/types\/post"}],"author":[{"embeddable":true,"href":"https:\/\/www.fuldaernachrichten.de\/index.php?rest_route=\/wp\/v2\/users\/1"}],"replies":[{"embeddable":true,"href":"https:\/\/www.fuldaernachrichten.de\/index.php?rest_route=%2Fwp%2Fv2%2Fcomments&post=155097"}],"version-history":[{"count":1,"href":"https:\/\/www.fuldaernachrichten.de\/index.php?rest_route=\/wp\/v2\/posts\/155097\/revisions"}],"predecessor-version":[{"id":155104,"href":"https:\/\/www.fuldaernachrichten.de\/index.php?rest_route=\/wp\/v2\/posts\/155097\/revisions\/155104"}],"wp:attachment":[{"href":"https:\/\/www.fuldaernachrichten.de\/index.php?rest_route=%2Fwp%2Fv2%2Fmedia&parent=155097"}],"wp:term":[{"taxonomy":"category","embeddable":true,"href":"https:\/\/www.fuldaernachrichten.de\/index.php?rest_route=%2Fwp%2Fv2%2Fcategories&post=155097"},{"taxonomy":"post_tag","embeddable":true,"href":"https:\/\/www.fuldaernachrichten.de\/index.php?rest_route=%2Fwp%2Fv2%2Ftags&post=155097"}],"curies":[{"name":"wp","href":"https:\/\/api.w.org\/{rel}","templated":true}]}}