{"id":155095,"date":"2016-09-13T18:59:57","date_gmt":"2016-09-13T16:59:57","guid":{"rendered":"http:\/\/www.fuldaer-nachrichten.de\/?p=155095"},"modified":"2016-09-13T18:59:57","modified_gmt":"2016-09-13T16:59:57","slug":"ausbildungsstart-im-unternehmen-buechel","status":"publish","type":"post","link":"https:\/\/www.fuldaernachrichten.de\/?p=155095","title":{"rendered":"Ausbildungsstart im Unternehmen B\u00fcchel"},"content":{"rendered":"<p>P\u00fcnktlich zu Beginn des neuen Ausbildungsjahres wurde jetzt Erika Freind am Fuldaer Firmenstandort begr\u00fc\u00dft.\u00c2\u00a0Die 21-j\u00e4hrige absolviert eine Ausbildung zur Industriekauffrau und hat sich bereits gut in das Team eingefunden: \u201eIch finde es toll, dass ich schon so viele Aufgaben \u00fcbernehmen darf und mir damit Verantwortung \u00fcbertragen wird\u201c, erkl\u00e4rt die Auszubildende. Unter Federf\u00fchrung von Ausbildungsleiter Franz Wurst durchl\u00e4uft die H\u00fcnfelderin w\u00e4hrend ihrer Ausbildung unter anderem die Abteilungen Finanzbuchhaltung, Import\/ Export, Einkauf sowie Verkauf National und International. An den Standorten in Barchfeld und Zella-Mehlis haben zwei weitere Auszubildende ihre Arbeit aufgenommen.<\/p>\n<p>BU: Es kann losgehen in eine Ausbildung mit vielf\u00e4ltigen Aufgabengebieten: Ausbildungsleiter Franz Wurst mit den Auszubildenden Julian Schrimpf, Erika Freind, Ilirjana Asalari und Firmenchef Erhard B\u00fcchel.<\/p>\n","protected":false},"excerpt":{"rendered":"<div class=\"tmnf_excerpt\"><p>P\u00fcnktlich zu Beginn des neuen Ausbildungsjahres wurde jetzt Erika Freind am Fuldaer Firmenstandort begr\u00fc\u00dft.\u00c2\u00a0Die 21-j\u00e4hrige absolviert eine Ausbildung zur Industriekauffrau und hat sich bereits gut in das Team eingefunden: \u201eIch finde es toll, dass ich schon so viele Aufgaben \u00fcbernehmen darf und mir damit Verantwortung \u00fcbertragen wird\u201c, erkl\u00e4rt die Auszubildende. Unter Federf\u00fchrung von Ausbildungsleiter Franz &hellip;<\/p>\n<\/div>","protected":false},"author":1,"featured_media":155102,"comment_status":"closed","ping_status":"closed","sticky":false,"template":"","format":"standard","meta":{"footnotes":""},"categories":[1],"tags":[],"class_list":["post-155095","post","type-post","status-publish","format-standard","has-post-thumbnail","hentry","category-startseite"],"_links":{"self":[{"href":"https:\/\/www.fuldaernachrichten.de\/index.php?rest_route=\/wp\/v2\/posts\/155095","targetHints":{"allow":["GET"]}}],"collection":[{"href":"https:\/\/www.fuldaernachrichten.de\/index.php?rest_route=\/wp\/v2\/posts"}],"about":[{"href":"https:\/\/www.fuldaernachrichten.de\/index.php?rest_route=\/wp\/v2\/types\/post"}],"author":[{"embeddable":true,"href":"https:\/\/www.fuldaernachrichten.de\/index.php?rest_route=\/wp\/v2\/users\/1"}],"replies":[{"embeddable":true,"href":"https:\/\/www.fuldaernachrichten.de\/index.php?rest_route=%2Fwp%2Fv2%2Fcomments&post=155095"}],"version-history":[{"count":1,"href":"https:\/\/www.fuldaernachrichten.de\/index.php?rest_route=\/wp\/v2\/posts\/155095\/revisions"}],"predecessor-version":[{"id":155103,"href":"https:\/\/www.fuldaernachrichten.de\/index.php?rest_route=\/wp\/v2\/posts\/155095\/revisions\/155103"}],"wp:featuredmedia":[{"embeddable":true,"href":"https:\/\/www.fuldaernachrichten.de\/index.php?rest_route=\/wp\/v2\/media\/155102"}],"wp:attachment":[{"href":"https:\/\/www.fuldaernachrichten.de\/index.php?rest_route=%2Fwp%2Fv2%2Fmedia&parent=155095"}],"wp:term":[{"taxonomy":"category","embeddable":true,"href":"https:\/\/www.fuldaernachrichten.de\/index.php?rest_route=%2Fwp%2Fv2%2Fcategories&post=155095"},{"taxonomy":"post_tag","embeddable":true,"href":"https:\/\/www.fuldaernachrichten.de\/index.php?rest_route=%2Fwp%2Fv2%2Ftags&post=155095"}],"curies":[{"name":"wp","href":"https:\/\/api.w.org\/{rel}","templated":true}]}}