{"id":155088,"date":"2016-09-13T18:58:35","date_gmt":"2016-09-13T16:58:35","guid":{"rendered":"http:\/\/www.fuldaer-nachrichten.de\/?p=155088"},"modified":"2016-09-13T18:58:35","modified_gmt":"2016-09-13T16:58:35","slug":"l14-lebt-grosses-hoffest-und-tag-der-offenen-tuer","status":"publish","type":"post","link":"https:\/\/www.fuldaernachrichten.de\/?p=155088","title":{"rendered":"L14 lebt! Gro\u00dfes Hoffest und Tag der offenen T\u00fcr"},"content":{"rendered":"<p>Seit vielen Jahren bietet das Gel\u00e4nde in der Langebr\u00fcckenstra\u00dfe 14 eine Plattform f\u00fcr lebendigen, kulturellen, politischen und sozialen Austausch in Fulda. Verschiedene Initiativen und Vereine bereichern mit ihrem Angebot und Engagement das Stadtbild Fuldas. Das Caf\u00e9 Panama bietet eine bislang so noch nie in Fulda dagewesene B\u00fcndelung verschiedener soziokultureller Angebote in einem Geb\u00e4udekomplex. Durch den Verkauf des Gel\u00e4ndes ist die gesamte L14 von der Verdr\u00e4ngung bedroht und dadurch 20 Initiativen, Projekte und Vereine, die zurzeit auf dem Gel\u00e4nde ans\u00e4ssig sind.<\/p>\n<p>Das Jugendwerk der AWO Nordhessen l\u00e4dt in Kooperation mit den Vereinen YouRoPa Fulda e.V., K\u00d6K e.V., Raumteiler und der EVG Gelben R\u00fcbe alle Interessierten, Nachbarn und Freunde zu einem Tag der offenen T\u00fcr und gro\u00dfen Hoffest in die Langebr\u00fcckenstra\u00dfe 14 ein. Am Sonntag, den 18.09.2016, k\u00f6nnen Interessierte ab 13 Uhr einen Eindruck gewinnen, was sich alles auf dem Gel\u00e4nde der Langebr\u00fcckenstra\u00dfe 14 bietet und mit den Aktiven ins Gespr\u00e4ch kommen. Es wird ein breites Programm f\u00fcr Jung und Alt geboten. Die N\u00e4hbar und der Kleidertauschladen haben ge\u00f6ffnet. Es werden verschiedene DIY Workshops angeboten, u.a. kann man sich beim Siebdruck Workshop ausprobieren oder das kreative Upcycling Projekt der \u201eErneuer-Bar\u201c besuchen. Zum St\u00f6bern und Staunen l\u00e4dt der offenen Werkstattverkauf bei G\u00fcnter und Zehra. Ab 17 Uhr freuen wir uns auf die Sprechblasen Fotoaktion von Raumteiler. Auch f\u00fcr das leibliche Wohl ist gesorgt, kulinarische K\u00f6stlichkeiten werden u.a. von der Solidary Kitchen \u201eK\u00fcFa\u201c und der Gelben R\u00fcbe angeboten. Zum Abschluss l\u00e4sst die Fuldaer Konzertreihe \u201eHoermahl\u201c das Fest musikalisch ausklingen. Ab 19 Uhr spielt der K\u00f6lner Singer Songwriter Fr\u00e8re sowie die Fuldaer Musiker F. Molino und Crimson Oak. Langebr\u00fcckenstra\u00dfe 14 Fulda, liebenswert &#8211; lebenswert.<\/p>\n","protected":false},"excerpt":{"rendered":"<div class=\"tmnf_excerpt\"><p>Seit vielen Jahren bietet das Gel\u00e4nde in der Langebr\u00fcckenstra\u00dfe 14 eine Plattform f\u00fcr lebendigen, kulturellen, politischen und sozialen Austausch in Fulda. Verschiedene Initiativen und Vereine bereichern mit ihrem Angebot und Engagement das Stadtbild Fuldas. Das Caf\u00e9 Panama bietet eine bislang so noch nie in Fulda dagewesene B\u00fcndelung verschiedener soziokultureller Angebote in einem Geb\u00e4udekomplex. Durch den &hellip;<\/p>\n<\/div>","protected":false},"author":1,"featured_media":0,"comment_status":"closed","ping_status":"closed","sticky":false,"template":"","format":"standard","meta":{"footnotes":""},"categories":[1],"tags":[],"class_list":["post-155088","post","type-post","status-publish","format-standard","hentry","category-startseite"],"_links":{"self":[{"href":"https:\/\/www.fuldaernachrichten.de\/index.php?rest_route=\/wp\/v2\/posts\/155088","targetHints":{"allow":["GET"]}}],"collection":[{"href":"https:\/\/www.fuldaernachrichten.de\/index.php?rest_route=\/wp\/v2\/posts"}],"about":[{"href":"https:\/\/www.fuldaernachrichten.de\/index.php?rest_route=\/wp\/v2\/types\/post"}],"author":[{"embeddable":true,"href":"https:\/\/www.fuldaernachrichten.de\/index.php?rest_route=\/wp\/v2\/users\/1"}],"replies":[{"embeddable":true,"href":"https:\/\/www.fuldaernachrichten.de\/index.php?rest_route=%2Fwp%2Fv2%2Fcomments&post=155088"}],"version-history":[{"count":1,"href":"https:\/\/www.fuldaernachrichten.de\/index.php?rest_route=\/wp\/v2\/posts\/155088\/revisions"}],"predecessor-version":[{"id":155096,"href":"https:\/\/www.fuldaernachrichten.de\/index.php?rest_route=\/wp\/v2\/posts\/155088\/revisions\/155096"}],"wp:attachment":[{"href":"https:\/\/www.fuldaernachrichten.de\/index.php?rest_route=%2Fwp%2Fv2%2Fmedia&parent=155088"}],"wp:term":[{"taxonomy":"category","embeddable":true,"href":"https:\/\/www.fuldaernachrichten.de\/index.php?rest_route=%2Fwp%2Fv2%2Fcategories&post=155088"},{"taxonomy":"post_tag","embeddable":true,"href":"https:\/\/www.fuldaernachrichten.de\/index.php?rest_route=%2Fwp%2Fv2%2Ftags&post=155088"}],"curies":[{"name":"wp","href":"https:\/\/api.w.org\/{rel}","templated":true}]}}