{"id":155086,"date":"2016-09-13T18:56:42","date_gmt":"2016-09-13T16:56:42","guid":{"rendered":"http:\/\/www.fuldaer-nachrichten.de\/?p=155086"},"modified":"2016-09-13T18:56:42","modified_gmt":"2016-09-13T16:56:42","slug":"kurs-fuer-haeusliche-pflege-in-ehrenberg","status":"publish","type":"post","link":"https:\/\/www.fuldaernachrichten.de\/?p=155086","title":{"rendered":"Kurs f\u00fcr h\u00e4usliche Pflege in Ehrenberg"},"content":{"rendered":"<p>Beim Kurs f\u00fcr h\u00e4usliche Pflege in Ehrenberg sind noch Pl\u00e4tze frei. Der Kurs ist sowohl f\u00fcr pflegende Angeh\u00f6rige als auch Menschen, die zurzeit noch nicht pflegen m\u00fcssen geeignet. Der Kurs, den der Caritasverband f\u00fcr die Regionen Fulda und Geisa e.V. in Zusammenarbeit mit der BARMER GEK anbietet ist kostenlos. Er findet in der Zeit vom 19. September bis 13. Oktober 2016 im Dorfgemeinschaftshaus, Waldstra\u00dfe 10, in 36115 Ehrenberg, Ortsteil Melperts statt.\u00c2\u00a0 Montags und donnerstags von 19.30 bis 22 Uhr vermittelt Kursleiterin Angelika Rogowski, Diplom \u2013 Pflegewirtin (FH), P\u00e4dagogin f\u00fcr Pflege- und Gesundheitsberufe (M.A.), an acht Abenden den Kursteilnehmern pflegerisches Wissen mit vielen praktischen \u00dcbungen. Die Teilnehmer\/-innen erhalten bei mindestens sechsmaliger Teilnahme ein Zertifikat.<\/p>\n<p>Information und Anmeldung bei Angelika Rogowski, Buttlarstra\u00dfe 7, 36039 Fulda, Tel.: 0661\/ 77855; a.r.rogowski@gmx.de oder der Caritas \u2013 Sozialstation Vorderrh\u00f6n\/ Ulstergrund, Mittelstra\u00dfe 2, 36115 Hilders, Tel.: 06681\/ 1605.<\/p>\n","protected":false},"excerpt":{"rendered":"<div class=\"tmnf_excerpt\"><p>Beim Kurs f\u00fcr h\u00e4usliche Pflege in Ehrenberg sind noch Pl\u00e4tze frei. Der Kurs ist sowohl f\u00fcr pflegende Angeh\u00f6rige als auch Menschen, die zurzeit noch nicht pflegen m\u00fcssen geeignet. Der Kurs, den der Caritasverband f\u00fcr die Regionen Fulda und Geisa e.V. in Zusammenarbeit mit der BARMER GEK anbietet ist kostenlos. Er findet in der Zeit vom &hellip;<\/p>\n<\/div>","protected":false},"author":1,"featured_media":0,"comment_status":"closed","ping_status":"closed","sticky":false,"template":"","format":"standard","meta":{"footnotes":""},"categories":[1],"tags":[],"class_list":["post-155086","post","type-post","status-publish","format-standard","hentry","category-startseite"],"_links":{"self":[{"href":"https:\/\/www.fuldaernachrichten.de\/index.php?rest_route=\/wp\/v2\/posts\/155086","targetHints":{"allow":["GET"]}}],"collection":[{"href":"https:\/\/www.fuldaernachrichten.de\/index.php?rest_route=\/wp\/v2\/posts"}],"about":[{"href":"https:\/\/www.fuldaernachrichten.de\/index.php?rest_route=\/wp\/v2\/types\/post"}],"author":[{"embeddable":true,"href":"https:\/\/www.fuldaernachrichten.de\/index.php?rest_route=\/wp\/v2\/users\/1"}],"replies":[{"embeddable":true,"href":"https:\/\/www.fuldaernachrichten.de\/index.php?rest_route=%2Fwp%2Fv2%2Fcomments&post=155086"}],"version-history":[{"count":1,"href":"https:\/\/www.fuldaernachrichten.de\/index.php?rest_route=\/wp\/v2\/posts\/155086\/revisions"}],"predecessor-version":[{"id":155087,"href":"https:\/\/www.fuldaernachrichten.de\/index.php?rest_route=\/wp\/v2\/posts\/155086\/revisions\/155087"}],"wp:attachment":[{"href":"https:\/\/www.fuldaernachrichten.de\/index.php?rest_route=%2Fwp%2Fv2%2Fmedia&parent=155086"}],"wp:term":[{"taxonomy":"category","embeddable":true,"href":"https:\/\/www.fuldaernachrichten.de\/index.php?rest_route=%2Fwp%2Fv2%2Fcategories&post=155086"},{"taxonomy":"post_tag","embeddable":true,"href":"https:\/\/www.fuldaernachrichten.de\/index.php?rest_route=%2Fwp%2Fv2%2Ftags&post=155086"}],"curies":[{"name":"wp","href":"https:\/\/api.w.org\/{rel}","templated":true}]}}