{"id":155084,"date":"2016-09-13T18:58:00","date_gmt":"2016-09-13T16:58:00","guid":{"rendered":"http:\/\/www.fuldaer-nachrichten.de\/?p=155084"},"modified":"2016-09-13T18:58:00","modified_gmt":"2016-09-13T16:58:00","slug":"theater-fluchtgedanken-3-0-im-bonhoeffer-haus","status":"publish","type":"post","link":"https:\/\/www.fuldaernachrichten.de\/?p=155084","title":{"rendered":"Theater \u201eFluchtgedanken 3.0\u201c im Bonhoeffer-Haus"},"content":{"rendered":"<p>Die evangelische Kirche in Fulda bietet am 24. September um 19:30 Uhr eine Theater-Veranstaltung mit dem Titel \u201eFluchtgedanken 3.0\u201c an. Die freien B\u00fchnen \u201eFreies Theater Fulda\u201c und \u201eMITTENDRIN Theater und Musik\u201c bringen mit dem Theaterst\u00fcck \u201eFluchtgedanken 3.0\u201c drei Generationen Flucht, Vertreibung und Migration in den Saal des Bonhoefferhauses Fulda in der Goerdelerstr. 34.<\/p>\n<p>Bei dem Theater-Recherche-Projekt, das unterschrieben ist mit dem Titel \u201e\u00dcber das Leben in der neuen Heimat\u201c, wurden im Vorfeld unz\u00e4hlige Interviews mit Menschen unterschiedlicher Generationen gef\u00fchrt. Darin ging es um die Beweggr\u00fcnde, die urspr\u00fcngliche Heimat zu verlassen und \u00fcber Erfahrungen, in der neuen Heimat Fu\u00df zu fassen. Aus alle diesen Geschichten sowie anhand von Recherchen in Zeitungen, Literatur, Dokumentarfilmen ist das Material f\u00fcr das St\u00fcck generiert worden. In \u201eFluchtgedanken 3.0\u201c stehen keine Kunstfiguren auf der B\u00fchne, sondern die Schauspielerinnen verleihen denen eine Stimme, die ansonsten selten zu Wort kommen.<\/p>\n<p>Der Einlass ist um 19.00 Uhr. Der Eintritt ist kostenlos, um eine Spende wird gebeten.<\/p>\n","protected":false},"excerpt":{"rendered":"<div class=\"tmnf_excerpt\"><p>Die evangelische Kirche in Fulda bietet am 24. September um 19:30 Uhr eine Theater-Veranstaltung mit dem Titel \u201eFluchtgedanken 3.0\u201c an. Die freien B\u00fchnen \u201eFreies Theater Fulda\u201c und \u201eMITTENDRIN Theater und Musik\u201c bringen mit dem Theaterst\u00fcck \u201eFluchtgedanken 3.0\u201c drei Generationen Flucht, Vertreibung und Migration in den Saal des Bonhoefferhauses Fulda in der Goerdelerstr. 34. Bei dem &hellip;<\/p>\n<\/div>","protected":false},"author":1,"featured_media":0,"comment_status":"closed","ping_status":"closed","sticky":false,"template":"","format":"standard","meta":{"footnotes":""},"categories":[1],"tags":[],"class_list":["post-155084","post","type-post","status-publish","format-standard","hentry","category-startseite"],"_links":{"self":[{"href":"https:\/\/www.fuldaernachrichten.de\/index.php?rest_route=\/wp\/v2\/posts\/155084","targetHints":{"allow":["GET"]}}],"collection":[{"href":"https:\/\/www.fuldaernachrichten.de\/index.php?rest_route=\/wp\/v2\/posts"}],"about":[{"href":"https:\/\/www.fuldaernachrichten.de\/index.php?rest_route=\/wp\/v2\/types\/post"}],"author":[{"embeddable":true,"href":"https:\/\/www.fuldaernachrichten.de\/index.php?rest_route=\/wp\/v2\/users\/1"}],"replies":[{"embeddable":true,"href":"https:\/\/www.fuldaernachrichten.de\/index.php?rest_route=%2Fwp%2Fv2%2Fcomments&post=155084"}],"version-history":[{"count":1,"href":"https:\/\/www.fuldaernachrichten.de\/index.php?rest_route=\/wp\/v2\/posts\/155084\/revisions"}],"predecessor-version":[{"id":155092,"href":"https:\/\/www.fuldaernachrichten.de\/index.php?rest_route=\/wp\/v2\/posts\/155084\/revisions\/155092"}],"wp:attachment":[{"href":"https:\/\/www.fuldaernachrichten.de\/index.php?rest_route=%2Fwp%2Fv2%2Fmedia&parent=155084"}],"wp:term":[{"taxonomy":"category","embeddable":true,"href":"https:\/\/www.fuldaernachrichten.de\/index.php?rest_route=%2Fwp%2Fv2%2Fcategories&post=155084"},{"taxonomy":"post_tag","embeddable":true,"href":"https:\/\/www.fuldaernachrichten.de\/index.php?rest_route=%2Fwp%2Fv2%2Ftags&post=155084"}],"curies":[{"name":"wp","href":"https:\/\/api.w.org\/{rel}","templated":true}]}}