{"id":155083,"date":"2016-09-13T18:58:53","date_gmt":"2016-09-13T16:58:53","guid":{"rendered":"http:\/\/www.fuldaer-nachrichten.de\/?p=155083"},"modified":"2016-09-13T18:58:53","modified_gmt":"2016-09-13T16:58:53","slug":"neue-raeume-der-oekumenischen-bahnhofsmission-fulda-offiziell-uebergeben","status":"publish","type":"post","link":"https:\/\/www.fuldaernachrichten.de\/?p=155083","title":{"rendered":"Neue R\u00e4ume der \u00d6kumenischen Bahnhofsmission Fulda offiziell \u00fcbergeben."},"content":{"rendered":"<p>Vom Bahnhofsmanagement der Deutschen Bahn war zur Einweihungsfeier aus Kassel Leif Niklas Wulf angereist, von der Bundesarbeitsgemeinschaft der Katholischen und Evangelischen Bahnhofsmission der Vorsitzende Christian Baron und Frau Ute Volz und als Vertreter von Stadt und Landkreis Fulda konnte Caritas-Gesch\u00e4ftsf\u00fchrer Christian Reuter den 1. Kreisbeigeordneter Frederik Schmitt und Stadtrat Stefan Grauel begr\u00fc\u00dfen. Viele weitere G\u00e4ste sorgten daf\u00fcr, dass die neuen R\u00e4ume bis auf den letzten Platz gef\u00fcllt waren. Dazu geh\u00f6rten der Landes- und Di\u00f6zesanreferenten f\u00fcr Bahnhofsmission Armin Schomberg, als Vertreter der Kirchen Stadtpfarrer Dechant Stefan Bu\u00df, Innenstadtpfarrei und Pfarrer Dr. Heinz-Georg Henning, Christuskirche, Vertreter der Bahnhofsmissionen aus Kassel, Gie\u00dfen, Darmstadt und Bad Hersfeld und nat\u00fcrlich die Leiterin der Fuldaer Bahnhofsmission, Monika Niestroj, mit ihren Ehrenamtlichen und deren Sprecher Theodor Lomb. Im Namen der Tr\u00e4ger dankte Christian Reuter der Sparkasse Fulda und der VR Genossenschaftsbank f\u00fcr ihr Sponsoring, der Stadt und dem Landkreis f\u00fcr ihre j\u00e4hrliche finanzielle Unterst\u00fctzung und allen Spendern. Die Bahnhofsmission, so Reuter, sei ein fester Bestandteil der sozialen Infrastruktur in Fulda. Hilfe am Bahngleis, Ausk\u00fcnfte geben, in Notf\u00e4llen helfen, Gespr\u00e4chspartner sein und Aufenthalts- und Aufw\u00e4rmm\u00f6glichkeiten sowie Weitervermittlung zu anderen Diensten seien ihre Aufgaben. Gegr\u00fcndet Ende des 19. Jahrhunderts gibt es die Bahnhofsmission in Fulda seit dem Jahre 1946. Sie ist niederschwelliges Angebot und steht jedem ohne R\u00fccksicht auf Religion, Weltanschauung, Pers\u00f6nlichkeitsprofil und Notlage anonym und kostenlos zur Verf\u00fcgung. In Fulda arbeitet die BM ausschlie\u00dflich mit ehrenamtlichen Helferinnen und Helfern.<\/p>\n<p>Denn kirchlichen Segen erhielten die neuen R\u00e4umlichkeiten durch die Pfarrer Dr. Dagobert Vonderau, Vorsitzender des Regionalcaritasverband und Diakoniepfarrer Lars Peter Rilke, Diakonisches Werk im Kirchenkreis Fulda, die gleichzeitig die Tr\u00e4ger der \u00d6kumenischen Bahnhofsmission Fulda repr\u00e4sentierten. Pfarrer Lars Peter Rilke sagte, die Ehrenamtlichen h\u00e4tten kraftvolle H\u00e4nde f\u00fcr andere. Damit jeder zum Zug komme gehe es von Gleis zu Gleis, bekomme man Kaffee und eine Scheibe Brot, finde aber auch Ehrenamtliche, die ein offenes Ohr h\u00e4tten.\u00c2\u00a0 Leif Niklas Wulf betonte, dass die BM einen ehrenamtlichen Dienst leiste, den die Deutsche Bahn nicht leisten k\u00f6nne. Beispielsweise &#8220;Kids on tour&#8221; helfe Kindern, sicher an ihr Ziel zu gelangen. Die Ehrenamtlichen seien \u201eEngel des Bahnhofs in Blau\u201c. Der DB-Vertreter wies darauf hin, dass es einen Vertrag zwischen der DB Station &amp; Service AG und den Tr\u00e4gern gebe, der die Zusammenarbeit regele. Die neuen R\u00e4ume seien gr\u00f6\u00dfer, heller und verk\u00fcrzten den Weg zum Fernverkehr. Christian Baron dankte auch im Namen von Ute Volz f\u00fcr die zur Verf\u00fcgung gestellten finanziellen Mittel und den ehrenamtlichen Dienst in Fulda. Gru\u00dfworte und hohe Anerkennung f\u00fcr den ehrenamtlichen Dienst sprachen au\u00dferdem Frederik Schmitt, Landkreis Fulda, der sich als intensiver Bahnpendler zur Zeit seines Studiums beschrieb und immer die Sicherheit hatte, dass ihm die Bahnhofsmission im Notfall helfe sowie Stefan Grauel, Stadt Fulda. Er betonte die Wichtigkeit der Bahnhofsmission f\u00fcr die Stadt als Oberzentrum. Sie sei erfahrbare \u00f6kumenische Kirche am Bahnhof und w\u00fcrde Menschen in ihren existenziellen N\u00f6ten auffangen und unterst\u00fctzen.\u00c2\u00a0 Beide \u00fcberreichten Geldpr\u00e4sente an die Leiterin Monika Niestroj. Als \u00f6kumenisch, \u00fcberwiegend ehrenamtlich, niedrigschwellig und gut vernetzt beschrieb Armin Schomberg die Arbeit der BM. Dechant Stefan Bu\u00df und Pfarrer Dr. Heinz-Georg Henning boten an, einmal mehrere Stunden ehrenamtlich f\u00fcr die BM t\u00e4tig zu werden. Im Namen der Ehrenamtlichen dankte Theodor Lomb f\u00fcr die Mithilfe, die zur Verf\u00fcgungstellung der R\u00e4umlichkeiten und den Tr\u00e4gern, Stadt und Landkreis sowie den gro\u00dfen und kleinen Spendern f\u00fcr die notwendigen Finanzmittel. Musikalisch wurde die Er\u00f6ffnung und Segnung durch Anna-Lena Schroll von der Musikschule Fulda mit Gesang und Gitarre gestaltet.<\/p>\n","protected":false},"excerpt":{"rendered":"<div class=\"tmnf_excerpt\"><p>Vom Bahnhofsmanagement der Deutschen Bahn war zur Einweihungsfeier aus Kassel Leif Niklas Wulf angereist, von der Bundesarbeitsgemeinschaft der Katholischen und Evangelischen Bahnhofsmission der Vorsitzende Christian Baron und Frau Ute Volz und als Vertreter von Stadt und Landkreis Fulda konnte Caritas-Gesch\u00e4ftsf\u00fchrer Christian Reuter den 1. Kreisbeigeordneter Frederik Schmitt und Stadtrat Stefan Grauel begr\u00fc\u00dfen. Viele weitere G\u00e4ste &hellip;<\/p>\n<\/div>","protected":false},"author":1,"featured_media":155090,"comment_status":"closed","ping_status":"closed","sticky":false,"template":"","format":"standard","meta":{"footnotes":""},"categories":[1],"tags":[],"class_list":["post-155083","post","type-post","status-publish","format-standard","has-post-thumbnail","hentry","category-startseite"],"_links":{"self":[{"href":"https:\/\/www.fuldaernachrichten.de\/index.php?rest_route=\/wp\/v2\/posts\/155083","targetHints":{"allow":["GET"]}}],"collection":[{"href":"https:\/\/www.fuldaernachrichten.de\/index.php?rest_route=\/wp\/v2\/posts"}],"about":[{"href":"https:\/\/www.fuldaernachrichten.de\/index.php?rest_route=\/wp\/v2\/types\/post"}],"author":[{"embeddable":true,"href":"https:\/\/www.fuldaernachrichten.de\/index.php?rest_route=\/wp\/v2\/users\/1"}],"replies":[{"embeddable":true,"href":"https:\/\/www.fuldaernachrichten.de\/index.php?rest_route=%2Fwp%2Fv2%2Fcomments&post=155083"}],"version-history":[{"count":1,"href":"https:\/\/www.fuldaernachrichten.de\/index.php?rest_route=\/wp\/v2\/posts\/155083\/revisions"}],"predecessor-version":[{"id":155099,"href":"https:\/\/www.fuldaernachrichten.de\/index.php?rest_route=\/wp\/v2\/posts\/155083\/revisions\/155099"}],"wp:featuredmedia":[{"embeddable":true,"href":"https:\/\/www.fuldaernachrichten.de\/index.php?rest_route=\/wp\/v2\/media\/155090"}],"wp:attachment":[{"href":"https:\/\/www.fuldaernachrichten.de\/index.php?rest_route=%2Fwp%2Fv2%2Fmedia&parent=155083"}],"wp:term":[{"taxonomy":"category","embeddable":true,"href":"https:\/\/www.fuldaernachrichten.de\/index.php?rest_route=%2Fwp%2Fv2%2Fcategories&post=155083"},{"taxonomy":"post_tag","embeddable":true,"href":"https:\/\/www.fuldaernachrichten.de\/index.php?rest_route=%2Fwp%2Fv2%2Ftags&post=155083"}],"curies":[{"name":"wp","href":"https:\/\/api.w.org\/{rel}","templated":true}]}}