{"id":155082,"date":"2016-09-13T18:57:49","date_gmt":"2016-09-13T16:57:49","guid":{"rendered":"http:\/\/www.fuldaer-nachrichten.de\/?p=155082"},"modified":"2016-09-13T18:57:49","modified_gmt":"2016-09-13T16:57:49","slug":"neu-errichtete-schutzhuette-auf-der-steinkammer-eingeweiht","status":"publish","type":"post","link":"https:\/\/www.fuldaernachrichten.de\/?p=155082","title":{"rendered":"Neu errichtete Schutzh\u00fctte auf der Steinkammer eingeweiht"},"content":{"rendered":"<p>Fast 40 Jahre lang war eine vom \u201eNaturpark Rh\u00f6n\u201c errichtete Blockh\u00fctte im Landschaftsschutzgebiet \u201eSteinkammer\u201c im Fliedener Ortsteil R\u00fcckers Ziel zahlreicher Wanderer, Spazierg\u00e4nger und Ausfl\u00fcgler. Doch am sp\u00e4ten Nachmittag des 11. Januar 2013 wurde der Unterstand vermutlich aufgrund von Funkenflug von einem nicht vollst\u00e4ndig gel\u00f6schten Lagerfeuer ein Raub der Flammen. Wegen der landschaftlich reizvollen Lage hatte sich die Gemeinde in der Folge f\u00fcr einen Wiederaufbau entschieden.<\/p>\n<p>Mit einer \u00f6kumenischen Segensfeier, gestaltet von den Pfarrern Thomas Maleja (kath.) und Holger Biehn (ev.), wurde die neue H\u00fctte nun ihrer Bestimmung \u00fcbergeben. B\u00fcrgermeister Christian Henkel ging in einer kurzen Ansprache auf den Neubau ein, in den insgesamt rd. 22.000\u00c2\u00a0EUR investiert wurden, wovon knapp 17.000\u00c2\u00a0EUR durch die Feuerversicherung abgedeckt waren. Die Bauleistungen konnten an \u00f6rtliche Firmen vergeben werden, bei denen sich B\u00fcrgermeister Henkel ebenso bedankte wie beim gemeindlichen Bauhof, der einige Arbeiten im Umfeld sowie die M\u00f6blierung im Inneren der H\u00fctte durchgef\u00fchrt hatte. Die Sitzgruppen im Au\u00dfenbereich wurden vom Naturpark Hessische Rh\u00f6n beigesteuert.<\/p>\n<p>Ortsvorsteher Peter Auth freute sich, dass es auf der \u201eSteinkammer\u201c nun wieder einen Ort des Zusammentreffens gebe. Er erinnerte an zahlreiche sch\u00f6ne Veranstaltungen, die dort in den zur\u00fcckliegenden Jahrzehnten stattgefunden hatten. Er bedauerte, dass es aus Naturschutzgr\u00fcnden nicht gelungen sei, den Neubau der H\u00fctte an einen mehr in der Sonne gelegenen Standort zu verlegen. Allerdings erfuhr der Ursprungsstandort aber durch Pflegearbeiten im Geh\u00f6lz eine erhebliche Aufwertung. Kreisbeigeordneter und B\u00fcrgermeister a.D. Winfried Kress \u00fcberbrachte Gr\u00fc\u00dfe von Landrat Bernd Woide und erinnerte in seinem Gru\u00dfwort an die Entstehung der urspr\u00fcnglichen Schutzh\u00fctte, bevor die Feier bei herrlichem Sp\u00e4tsommerwetter mit einem gem\u00fctlichen Beisammensein ausklang.<\/p>\n","protected":false},"excerpt":{"rendered":"<div class=\"tmnf_excerpt\"><p>Fast 40 Jahre lang war eine vom \u201eNaturpark Rh\u00f6n\u201c errichtete Blockh\u00fctte im Landschaftsschutzgebiet \u201eSteinkammer\u201c im Fliedener Ortsteil R\u00fcckers Ziel zahlreicher Wanderer, Spazierg\u00e4nger und Ausfl\u00fcgler. Doch am sp\u00e4ten Nachmittag des 11. Januar 2013 wurde der Unterstand vermutlich aufgrund von Funkenflug von einem nicht vollst\u00e4ndig gel\u00f6schten Lagerfeuer ein Raub der Flammen. Wegen der landschaftlich reizvollen Lage hatte &hellip;<\/p>\n<\/div>","protected":false},"author":1,"featured_media":155089,"comment_status":"closed","ping_status":"closed","sticky":false,"template":"","format":"standard","meta":{"footnotes":""},"categories":[1],"tags":[],"class_list":["post-155082","post","type-post","status-publish","format-standard","has-post-thumbnail","hentry","category-startseite"],"_links":{"self":[{"href":"https:\/\/www.fuldaernachrichten.de\/index.php?rest_route=\/wp\/v2\/posts\/155082","targetHints":{"allow":["GET"]}}],"collection":[{"href":"https:\/\/www.fuldaernachrichten.de\/index.php?rest_route=\/wp\/v2\/posts"}],"about":[{"href":"https:\/\/www.fuldaernachrichten.de\/index.php?rest_route=\/wp\/v2\/types\/post"}],"author":[{"embeddable":true,"href":"https:\/\/www.fuldaernachrichten.de\/index.php?rest_route=\/wp\/v2\/users\/1"}],"replies":[{"embeddable":true,"href":"https:\/\/www.fuldaernachrichten.de\/index.php?rest_route=%2Fwp%2Fv2%2Fcomments&post=155082"}],"version-history":[{"count":1,"href":"https:\/\/www.fuldaernachrichten.de\/index.php?rest_route=\/wp\/v2\/posts\/155082\/revisions"}],"predecessor-version":[{"id":155091,"href":"https:\/\/www.fuldaernachrichten.de\/index.php?rest_route=\/wp\/v2\/posts\/155082\/revisions\/155091"}],"wp:featuredmedia":[{"embeddable":true,"href":"https:\/\/www.fuldaernachrichten.de\/index.php?rest_route=\/wp\/v2\/media\/155089"}],"wp:attachment":[{"href":"https:\/\/www.fuldaernachrichten.de\/index.php?rest_route=%2Fwp%2Fv2%2Fmedia&parent=155082"}],"wp:term":[{"taxonomy":"category","embeddable":true,"href":"https:\/\/www.fuldaernachrichten.de\/index.php?rest_route=%2Fwp%2Fv2%2Fcategories&post=155082"},{"taxonomy":"post_tag","embeddable":true,"href":"https:\/\/www.fuldaernachrichten.de\/index.php?rest_route=%2Fwp%2Fv2%2Ftags&post=155082"}],"curies":[{"name":"wp","href":"https:\/\/api.w.org\/{rel}","templated":true}]}}