{"id":155061,"date":"2016-09-12T19:04:13","date_gmt":"2016-09-12T17:04:13","guid":{"rendered":"http:\/\/www.fuldaer-nachrichten.de\/?p=155061"},"modified":"2016-09-12T19:04:13","modified_gmt":"2016-09-12T17:04:13","slug":"wir-moechten-adoptieren-2","status":"publish","type":"post","link":"https:\/\/www.fuldaernachrichten.de\/?p=155061","title":{"rendered":"Wir m\u00f6chten adoptieren"},"content":{"rendered":"<p>F\u00fcr Paare, die sich mit dem Gedanken tragen, ein Kind zu adoptieren, findet am Donnerstag, dem 22.9.2015, ein Informationsabend statt. Die gemeinsame Adoptionsvermittlungsstelle der Jugend\u00e4mter Landkreis Fulda, Stadt Fulda und Landkreis Hersfeld-Rotenburg l\u00e4dt alle Interessierten um 19:00 Uhr in den Pavillon des Bonifatiusklosters H\u00fcnfeld, Klosterstra\u00dfe 5, 36088 H\u00fcnfeld, ein. Es besteht die M\u00f6glichkeit, sich unverbindlich rund um das Thema Adoption zu informieren. Um Anmeldung wird gebeten unter Telefon 0661 6006 9391 oder E-Mail: adoption@landkreis-fulda.de<\/p>\n","protected":false},"excerpt":{"rendered":"<div class=\"tmnf_excerpt\"><p>F\u00fcr Paare, die sich mit dem Gedanken tragen, ein Kind zu adoptieren, findet am Donnerstag, dem 22.9.2015, ein Informationsabend statt. Die gemeinsame Adoptionsvermittlungsstelle der Jugend\u00e4mter Landkreis Fulda, Stadt Fulda und Landkreis Hersfeld-Rotenburg l\u00e4dt alle Interessierten um 19:00 Uhr in den Pavillon des Bonifatiusklosters H\u00fcnfeld, Klosterstra\u00dfe 5, 36088 H\u00fcnfeld, ein. Es besteht die M\u00f6glichkeit, sich unverbindlich &hellip;<\/p>\n<\/div>","protected":false},"author":1,"featured_media":0,"comment_status":"closed","ping_status":"closed","sticky":false,"template":"","format":"standard","meta":{"footnotes":""},"categories":[1],"tags":[],"class_list":["post-155061","post","type-post","status-publish","format-standard","hentry","category-startseite"],"_links":{"self":[{"href":"https:\/\/www.fuldaernachrichten.de\/index.php?rest_route=\/wp\/v2\/posts\/155061","targetHints":{"allow":["GET"]}}],"collection":[{"href":"https:\/\/www.fuldaernachrichten.de\/index.php?rest_route=\/wp\/v2\/posts"}],"about":[{"href":"https:\/\/www.fuldaernachrichten.de\/index.php?rest_route=\/wp\/v2\/types\/post"}],"author":[{"embeddable":true,"href":"https:\/\/www.fuldaernachrichten.de\/index.php?rest_route=\/wp\/v2\/users\/1"}],"replies":[{"embeddable":true,"href":"https:\/\/www.fuldaernachrichten.de\/index.php?rest_route=%2Fwp%2Fv2%2Fcomments&post=155061"}],"version-history":[{"count":1,"href":"https:\/\/www.fuldaernachrichten.de\/index.php?rest_route=\/wp\/v2\/posts\/155061\/revisions"}],"predecessor-version":[{"id":155072,"href":"https:\/\/www.fuldaernachrichten.de\/index.php?rest_route=\/wp\/v2\/posts\/155061\/revisions\/155072"}],"wp:attachment":[{"href":"https:\/\/www.fuldaernachrichten.de\/index.php?rest_route=%2Fwp%2Fv2%2Fmedia&parent=155061"}],"wp:term":[{"taxonomy":"category","embeddable":true,"href":"https:\/\/www.fuldaernachrichten.de\/index.php?rest_route=%2Fwp%2Fv2%2Fcategories&post=155061"},{"taxonomy":"post_tag","embeddable":true,"href":"https:\/\/www.fuldaernachrichten.de\/index.php?rest_route=%2Fwp%2Fv2%2Ftags&post=155061"}],"curies":[{"name":"wp","href":"https:\/\/api.w.org\/{rel}","templated":true}]}}