{"id":154886,"date":"2016-09-06T18:33:52","date_gmt":"2016-09-06T16:33:52","guid":{"rendered":"http:\/\/www.fuldaer-nachrichten.de\/?p=154886"},"modified":"2016-09-06T18:33:52","modified_gmt":"2016-09-06T16:33:52","slug":"gesundheitsforum-am-klinikum-fulda-borderline-persoenlichkeitsstoerung-erkennen-und-mittels-dialektisch-behavioraler-therapie-dbt-behandeln","status":"publish","type":"post","link":"https:\/\/www.fuldaernachrichten.de\/?p=154886","title":{"rendered":"Gesundheitsforum am Klinikum Fulda:  Borderline-Pers\u00f6nlichkeitsst\u00f6rung erkennen und mittels Dialektisch-Behavioraler Therapie (DBT) behandeln"},"content":{"rendered":"<p>Im Rahmen der Gesundheitsforen des Klinikums Fulda findet am 15. September 2016, von 17.00 bis 19.00 Uhr eine H\u00f6rsaalveranstaltung zu dem Thema \u201eBorderline-Pers\u00f6nlichkeitsst\u00f6rung und Dialektisch-Behaviorale Therapie\u201c statt.<\/p>\n<p>Extreme Stimmungsschwankungen, unkontrollierte Wutausbr\u00fcche und immer wieder Selbstverletzungen als einziger Weg, um innere Hochanspannung m\u00f6glichst schnell zu beenden: Alles typische Anzeichen einer Borderline-Pers\u00f6nlichkeitsst\u00f6rung, die zu den h\u00e4ufigsten seelischen Erkrankungen z\u00e4hlt. Die Klinik f\u00fcr Psychiatrie und Psychotherapie am Klinikum Fulda, unter Leitung von Prof. Dr. Georg Wiedemann, ist die erste Klinik in Osthessen, die Borderline-Betroffene nach dem wissenschaftlich anerkannten Verfahren der Dialektisch-Behavioralen Therapie (DBT) erfolgreich behandelt. Dies best\u00e4tigte auch die in diesem Jahr erfolgreich absolvierte Zertifizierung. Nach der amerikanischen Psychologie-Professorin Marsha Linehan entwickelt, ist die DBT genau abgestimmt auf spezifische Schwierigkeiten von Menschen, die unter einer Borderline-St\u00f6rung leiden. Neben Achtsamkeit werden zwischenmenschliche Fertigkeiten, der bewusste Umgang mit Gef\u00fchlen und Fertigkeiten zur Stresstoleranz ge\u00fcbt. Dar\u00fcber hinaus vermittelt die DBT spezielle Fertigkeiten im Umgang mit intensiven Anspannungszust\u00e4nden und selbst-sch\u00e4digenden Verhaltensweisen. Stress-situationen, unangenehme Gef\u00fchle und Ereignisse werden zuk\u00fcnftig besser ausgehalten.<\/p>\n<p>Im Rahmen des Gesundheitsforums beantwortet Dr. Debora Drechsel, Ober\u00e4rztin der Klinik f\u00fcr Psychiatrie und Psychotherapie, die Frage: Borderline-St\u00f6rung \u2013 Was ist das?<br \/>\nIm Anschluss stellen Diplom-Psychologe Martin Meyer und Diplom-Psychologin Anna-Lena M\u00fcller die Dialektisch-Behaviorale Therapie (DBT) in Theorie und am<br \/>\npraktischen Beispiel vor.<\/p>\n<p>Im Anschluss an die Vortr\u00e4ge stehen die Experten gerne f\u00fcr die Beantwortung von Fragen und zur Diskussion zur Verf\u00fcgung. Die Anzahl der Sitzpl\u00e4tze im H\u00f6rsaal ist begrenzt. Einlass ist ab 16.30 Uhr.<\/p>\n","protected":false},"excerpt":{"rendered":"<div class=\"tmnf_excerpt\"><p>Im Rahmen der Gesundheitsforen des Klinikums Fulda findet am 15. September 2016, von 17.00 bis 19.00 Uhr eine H\u00f6rsaalveranstaltung zu dem Thema \u201eBorderline-Pers\u00f6nlichkeitsst\u00f6rung und Dialektisch-Behaviorale Therapie\u201c statt. Extreme Stimmungsschwankungen, unkontrollierte Wutausbr\u00fcche und immer wieder Selbstverletzungen als einziger Weg, um innere Hochanspannung m\u00f6glichst schnell zu beenden: Alles typische Anzeichen einer Borderline-Pers\u00f6nlichkeitsst\u00f6rung, die zu den h\u00e4ufigsten seelischen &hellip;<\/p>\n<\/div>","protected":false},"author":1,"featured_media":0,"comment_status":"closed","ping_status":"closed","sticky":false,"template":"","format":"standard","meta":{"footnotes":""},"categories":[51],"tags":[],"class_list":["post-154886","post","type-post","status-publish","format-standard","hentry","category-medizin"],"_links":{"self":[{"href":"https:\/\/www.fuldaernachrichten.de\/index.php?rest_route=\/wp\/v2\/posts\/154886","targetHints":{"allow":["GET"]}}],"collection":[{"href":"https:\/\/www.fuldaernachrichten.de\/index.php?rest_route=\/wp\/v2\/posts"}],"about":[{"href":"https:\/\/www.fuldaernachrichten.de\/index.php?rest_route=\/wp\/v2\/types\/post"}],"author":[{"embeddable":true,"href":"https:\/\/www.fuldaernachrichten.de\/index.php?rest_route=\/wp\/v2\/users\/1"}],"replies":[{"embeddable":true,"href":"https:\/\/www.fuldaernachrichten.de\/index.php?rest_route=%2Fwp%2Fv2%2Fcomments&post=154886"}],"version-history":[{"count":1,"href":"https:\/\/www.fuldaernachrichten.de\/index.php?rest_route=\/wp\/v2\/posts\/154886\/revisions"}],"predecessor-version":[{"id":154895,"href":"https:\/\/www.fuldaernachrichten.de\/index.php?rest_route=\/wp\/v2\/posts\/154886\/revisions\/154895"}],"wp:attachment":[{"href":"https:\/\/www.fuldaernachrichten.de\/index.php?rest_route=%2Fwp%2Fv2%2Fmedia&parent=154886"}],"wp:term":[{"taxonomy":"category","embeddable":true,"href":"https:\/\/www.fuldaernachrichten.de\/index.php?rest_route=%2Fwp%2Fv2%2Fcategories&post=154886"},{"taxonomy":"post_tag","embeddable":true,"href":"https:\/\/www.fuldaernachrichten.de\/index.php?rest_route=%2Fwp%2Fv2%2Ftags&post=154886"}],"curies":[{"name":"wp","href":"https:\/\/api.w.org\/{rel}","templated":true}]}}