{"id":153737,"date":"2016-07-27T23:24:01","date_gmt":"2016-07-27T21:24:01","guid":{"rendered":"http:\/\/www.fuldaer-nachrichten.de\/?p=153737"},"modified":"2016-07-27T23:24:01","modified_gmt":"2016-07-27T21:24:01","slug":"christopher-massini-wird-vize-europameister","status":"publish","type":"post","link":"https:\/\/www.fuldaernachrichten.de\/?p=153737","title":{"rendered":"Christopher Massini wird Vize-Europameister"},"content":{"rendered":"<p>Vier Fuldaer Kanuten starteten am Wochenende bei der Junioren-Europameisterschaft und der U23-Vor-WM in Murau (\u00d6sterreich). F\u00fcr drei von ihnen war es das erste internationale Rennen. Till Fladung musste als erster an den Start und die Nervosit\u00e4t beim gesamten deutschen Team stieg. Der erst 16-j\u00e4hrige C1-Fahrer absolvierte seine erste EM mit einem guten 17. Platz im Classicrennen. Im Sprint versuchte er erneut sich gegen seine \u00e4ltere Konkurrenz durchzusetzen und einen Platz im Finale zu ergattern. Zwar konnte Fladung seine Zeit im zweiten Lauf um 4 Sekunden verbessern, verpasste dennoch knapp einen Finalplatz. Ein Lob von Bundestrainer Gregor Simon gab es anschlie\u00dfend trotzdem. <\/p>\n<p>Auch f\u00fcr Christopher Massini war es der erste internationale Wettkampf. Im Classic verpasste er nur knapp eine Top-Ten-Platzierung, konnte sich aber im Mannschaftsrennen noch steigern und wurde zusammen mit Nico Paufler und Valentin Schlesinger Vize-Europameister. Auch im Sprint zeigte er hervorragende Leistungen und qualifizierte sich als 5. im ersten Lauf direkt f\u00fcr das Finale. Dort machte er es spannend und erst bei den letzten beiden Starten rutschte er vom Podest. Mit gerade einmal 0,5 Sekunden R\u00fcckstand auf Bronze wurde er 5. Genauso knapp war es f\u00fcr Massini im Sprint-Mannschaftsrennen mit Simon Puttkammer und Nico Paufler. Sie verpassten eine Medaille und wurden 5. nur 0,82 Sekunden hinter dem ersten Platz.<\/p>\n<p>Zwei weitere Fuldaer Sportler machten bei der U23-Vor-WM auf sich aufmerksam. Der erst 16-J\u00e4hrige Michel Zentgraf setzte sich gegen einen gro\u00dfen Teil der bis zu sieben Jahre \u00e4lteren Konkurrenz durch und wurde im Classic- wie auch im Sprintrennen 12. Zusammen mit Yannick Kroener und Till Br\u00fcggemann schaffte er es im Classic-Mannschaftsrennen auf den 6. und im Sprint sogar auf den 5. Platz, wobei man beachten muss, dass alle drei Sportler noch unter 18 sind und sich gegen wesentlich \u00e4ltere Paddler durchsetzten mussten. <\/p>\n<p>Im Gegensatz zu den anderen drei hat der vierte Fuldaer Paddler, Moritz Fladung, schon einige internationale Erfahrung gesammelt. Im vergangenen Jahr holte er sich bei der Junioren-WM die Bronze-Medaille. Dieses Jahr musste er in einer h\u00f6heren Altersklasse starten und \u00fcberzeugte schon im Classic Einzel mit dem 5. Platz. Im Sprint bewies er sein K\u00f6nnen und verpasste nur knapp die Goldmedaille. Mit Silber ging es dann in dir Mannschaftsrennen, wo er sich zusammen mit Janosch S\u00fclzer und Torben Plate gegen die Konkurrenz durchsetzte und Gold holte.<br \/>\nF\u00fcr die Fuldaer Sportler stehen nun erst mal Ferien an, ehe sie in drei Wochen bei der deutschen Classicmeisterschaft in K\u00f6ssen starten.<\/p>\n","protected":false},"excerpt":{"rendered":"<div class=\"tmnf_excerpt\"><p>Vier Fuldaer Kanuten starteten am Wochenende bei der Junioren-Europameisterschaft und der U23-Vor-WM in Murau (\u00d6sterreich). F\u00fcr drei von ihnen war es das erste internationale Rennen. Till Fladung musste als erster an den Start und die Nervosit\u00e4t beim gesamten deutschen Team stieg. Der erst 16-j\u00e4hrige C1-Fahrer absolvierte seine erste EM mit einem guten 17. Platz im &hellip;<\/p>\n<\/div>","protected":false},"author":1,"featured_media":153744,"comment_status":"closed","ping_status":"closed","sticky":false,"template":"","format":"gallery","meta":{"footnotes":""},"categories":[1],"tags":[],"class_list":["post-153737","post","type-post","status-publish","format-gallery","has-post-thumbnail","hentry","category-startseite","post_format-post-format-gallery"],"_links":{"self":[{"href":"https:\/\/www.fuldaernachrichten.de\/index.php?rest_route=\/wp\/v2\/posts\/153737","targetHints":{"allow":["GET"]}}],"collection":[{"href":"https:\/\/www.fuldaernachrichten.de\/index.php?rest_route=\/wp\/v2\/posts"}],"about":[{"href":"https:\/\/www.fuldaernachrichten.de\/index.php?rest_route=\/wp\/v2\/types\/post"}],"author":[{"embeddable":true,"href":"https:\/\/www.fuldaernachrichten.de\/index.php?rest_route=\/wp\/v2\/users\/1"}],"replies":[{"embeddable":true,"href":"https:\/\/www.fuldaernachrichten.de\/index.php?rest_route=%2Fwp%2Fv2%2Fcomments&post=153737"}],"version-history":[{"count":1,"href":"https:\/\/www.fuldaernachrichten.de\/index.php?rest_route=\/wp\/v2\/posts\/153737\/revisions"}],"predecessor-version":[{"id":153756,"href":"https:\/\/www.fuldaernachrichten.de\/index.php?rest_route=\/wp\/v2\/posts\/153737\/revisions\/153756"}],"wp:featuredmedia":[{"embeddable":true,"href":"https:\/\/www.fuldaernachrichten.de\/index.php?rest_route=\/wp\/v2\/media\/153744"}],"wp:attachment":[{"href":"https:\/\/www.fuldaernachrichten.de\/index.php?rest_route=%2Fwp%2Fv2%2Fmedia&parent=153737"}],"wp:term":[{"taxonomy":"category","embeddable":true,"href":"https:\/\/www.fuldaernachrichten.de\/index.php?rest_route=%2Fwp%2Fv2%2Fcategories&post=153737"},{"taxonomy":"post_tag","embeddable":true,"href":"https:\/\/www.fuldaernachrichten.de\/index.php?rest_route=%2Fwp%2Fv2%2Ftags&post=153737"}],"curies":[{"name":"wp","href":"https:\/\/api.w.org\/{rel}","templated":true}]}}