{"id":153647,"date":"2016-07-25T09:30:01","date_gmt":"2016-07-25T07:30:01","guid":{"rendered":"http:\/\/www.fuldaer-nachrichten.de\/?p=153647"},"modified":"2016-07-25T09:30:01","modified_gmt":"2016-07-25T07:30:01","slug":"pe-des-kreisverbands-zur-unterstuetzung-von-ilona-vogel-durch-die-neuhofer-gruenen","status":"publish","type":"post","link":"https:\/\/www.fuldaernachrichten.de\/?p=153647","title":{"rendered":"PE des Kreisverbands zur Unterst\u00fctzung von Ilona Vogel durch die Neuhofer Gr\u00fcnen."},"content":{"rendered":"<p>Der Vorstandssprecher des Kreisverbandes von B\u00fcndnis 90\/Die Gr\u00fcnen, Fulda, ist nicht gl\u00fccklich \u00fcber die Unterst\u00fctzung der B\u00fcrgermeisterkandidatin von Neuhof, Vogel, durch die Neuhofer Gr\u00fcnen. \u201eZwar ist Ilona Vogel kein Gr\u00fcnes Parteimitglied,\u201c sagt Zwengel, \u201esondern tritt als parteilose Kandidatin von SPD und Gr\u00fcnen an. Insofern kann man nicht erwarten, dass sie in allem mit Gr\u00fcnen Ansichten \u00fcbereinstimmt. Aber Vogels \u00c4u\u00dferungen bei der Vorstellungsrunde der Kandidaten, dass sie die Errichtung von Windkraftanlagen in Neuhof verhindern wolle, soweit es ihr m\u00f6glich ist, l\u00e4sst sich \u00fcberhaupt nicht mit unseren Gr\u00fcnen Zielen vereinbaren. Der Ausbau der erneuerbaren Energien &#8211; vor allem der besonders ertragreichen Windkraft \u2013 ist eines unserer zentralen Themen zur Abschw\u00e4chung des Klimawandels. Da ist eine Unterst\u00fctzung von Ilona Vogel durch den Kreisverband \u00fcberhaupt nicht vorstellbar.\u201c<\/p>\n<p>\u201eWir sind aber keine autorit\u00e4re Partei, die von oben herab bestimmt\u201c, so der Gr\u00fcne Sprecher weiter. \u201eWenn die Neuhofer Gr\u00fcnen aus lokalen Gr\u00fcnden meinen, Frau Vogel unterst\u00fctzen zu m\u00fcssen, wird der Kreisverband ihnen das nicht untersagen. Allerdings werden wir als Kreisverband weder Frau Vogel noch die Gr\u00fcne Neuhofer Fraktion bei diesem B\u00fcrgermeisterwahlkampf in irgend einer Weise unterst\u00fctzen. Das w\u00fcrde unsere Glaubw\u00fcrdigkeit untergraben, denn wir setzen uns nach wie vor f\u00fcr die Energiewende und F\u00f6rderung der erneuerbaren Energien vor Ort ein,\u201c betont Ralf Zwengel abschlie\u00dfend.<\/p>\n","protected":false},"excerpt":{"rendered":"<div class=\"tmnf_excerpt\"><p>Der Vorstandssprecher des Kreisverbandes von B\u00fcndnis 90\/Die Gr\u00fcnen, Fulda, ist nicht gl\u00fccklich \u00fcber die Unterst\u00fctzung der B\u00fcrgermeisterkandidatin von Neuhof, Vogel, durch die Neuhofer Gr\u00fcnen. \u201eZwar ist Ilona Vogel kein Gr\u00fcnes Parteimitglied,\u201c sagt Zwengel, \u201esondern tritt als parteilose Kandidatin von SPD und Gr\u00fcnen an. Insofern kann man nicht erwarten, dass sie in allem mit Gr\u00fcnen Ansichten &hellip;<\/p>\n<\/div>","protected":false},"author":1,"featured_media":0,"comment_status":"closed","ping_status":"closed","sticky":false,"template":"","format":"standard","meta":{"footnotes":""},"categories":[1],"tags":[],"class_list":["post-153647","post","type-post","status-publish","format-standard","hentry","category-startseite"],"_links":{"self":[{"href":"https:\/\/www.fuldaernachrichten.de\/index.php?rest_route=\/wp\/v2\/posts\/153647","targetHints":{"allow":["GET"]}}],"collection":[{"href":"https:\/\/www.fuldaernachrichten.de\/index.php?rest_route=\/wp\/v2\/posts"}],"about":[{"href":"https:\/\/www.fuldaernachrichten.de\/index.php?rest_route=\/wp\/v2\/types\/post"}],"author":[{"embeddable":true,"href":"https:\/\/www.fuldaernachrichten.de\/index.php?rest_route=\/wp\/v2\/users\/1"}],"replies":[{"embeddable":true,"href":"https:\/\/www.fuldaernachrichten.de\/index.php?rest_route=%2Fwp%2Fv2%2Fcomments&post=153647"}],"version-history":[{"count":1,"href":"https:\/\/www.fuldaernachrichten.de\/index.php?rest_route=\/wp\/v2\/posts\/153647\/revisions"}],"predecessor-version":[{"id":153655,"href":"https:\/\/www.fuldaernachrichten.de\/index.php?rest_route=\/wp\/v2\/posts\/153647\/revisions\/153655"}],"wp:attachment":[{"href":"https:\/\/www.fuldaernachrichten.de\/index.php?rest_route=%2Fwp%2Fv2%2Fmedia&parent=153647"}],"wp:term":[{"taxonomy":"category","embeddable":true,"href":"https:\/\/www.fuldaernachrichten.de\/index.php?rest_route=%2Fwp%2Fv2%2Fcategories&post=153647"},{"taxonomy":"post_tag","embeddable":true,"href":"https:\/\/www.fuldaernachrichten.de\/index.php?rest_route=%2Fwp%2Fv2%2Ftags&post=153647"}],"curies":[{"name":"wp","href":"https:\/\/api.w.org\/{rel}","templated":true}]}}