{"id":1534,"date":"2007-02-10T10:02:29","date_gmt":"2007-02-10T09:02:29","guid":{"rendered":"http:\/\/www.schoene-nachrichten.de\/?p=1534"},"modified":"2007-02-10T10:02:42","modified_gmt":"2007-02-10T09:02:42","slug":"mama-afrika-zirkus-der-sinne-gastierte-in-der-esperantohalle","status":"publish","type":"post","link":"https:\/\/www.fuldaernachrichten.de\/?p=1534","title":{"rendered":"&#8220;MAMA AFRIKA &#8211; Zirkus der Sinne&#8221; gastierte in der Esperantohalle"},"content":{"rendered":"<p><strong>Sch\u00f6nes aus Fulda.<\/strong> Sie kommen aus \u00c4thiopien, Tansania, aus S\u00fcdafrika, dem Kongo, Simbabwe und der Elfenbeink\u00fcste &#8211; die Artisten, Musiker und T\u00e4nzer von &#8220;MAMA AFRIKA&#8221;, dem Zirkus der Sinne. Zu bestaunen gestern Abend in der Esperantohalle. Neben den artistischen Darbietungen gab es afrikanische Volkst\u00e4nze sowie exotische Kost\u00fcme zu sehen, eine sechsk\u00f6pfige Live-Band zu h\u00f6ren und ein St\u00fcck Lebensgef\u00fchl des schwarzen Kontinents zu sp\u00fcren.\u00c2\u00a0\u201eMama Africa&#8221; verbindet Unterhaltung mit Charity, denn von jeder Eintrittskarte bekommt die Kindernothilfe einen Euro zur Unterst\u00fctzung eines Projekts f\u00fcr ehemalige Kindersoldaten in Uganda. Schirmherrin der Tournee ist die Kindernothilfe-Botschafterin Senait Mehari.<\/p>\n<p><strong>Fotos (24):<\/strong> Max Colin Heydenreich<\/p>\n<p><strong><a target=\"_blank\" href=\"http:\/\/www.schoene-nachrichten.de\/wp-content\/uploads\/2007\/02\/070209_africa_01.jpg\" title=\"Fotos (24): Max Colin Heydenreich\"><img decoding=\"async\" src=\"http:\/\/www.schoene-nachrichten.de\/wp-content\/uploads\/2007\/02\/070209_africa_01.thumbnail.jpg\" alt=\"070209_africa_01.jpg\" \/><\/a>\u00c2\u00a0<a target=\"_blank\" href=\"http:\/\/www.schoene-nachrichten.de\/wp-content\/uploads\/2007\/02\/070209_africa_09.jpg\" title=\"Fotos (24): Max Colin Heydenreich\"><img decoding=\"async\" src=\"http:\/\/www.schoene-nachrichten.de\/wp-content\/uploads\/2007\/02\/070209_africa_09.thumbnail.jpg\" alt=\"070209_africa_09.jpg\" \/><\/a>\u00c2\u00a0<a target=\"_blank\" href=\"http:\/\/www.schoene-nachrichten.de\/wp-content\/uploads\/2007\/02\/070209_africa_05.jpg\" title=\"Fotos (24): Max Colin Heydenreich\"><img decoding=\"async\" src=\"http:\/\/www.schoene-nachrichten.de\/wp-content\/uploads\/2007\/02\/070209_africa_05.thumbnail.jpg\" alt=\"070209_africa_05.jpg\" \/><\/a><\/strong><\/p>\n<p><strong><a target=\"_blank\" href=\"http:\/\/www.schoene-nachrichten.de\/wp-content\/uploads\/2007\/02\/070209_africa_13.jpg\" title=\"Fotos (24): Max Colin Heydenreich\"><img decoding=\"async\" src=\"http:\/\/www.schoene-nachrichten.de\/wp-content\/uploads\/2007\/02\/070209_africa_13.thumbnail.jpg\" alt=\"070209_africa_13.jpg\" \/><\/a>\u00c2\u00a0<a target=\"_blank\" href=\"http:\/\/www.schoene-nachrichten.de\/wp-content\/uploads\/2007\/02\/070209_africa_11.jpg\" title=\"Fotos (24): Max Colin Heydenreich\"><img decoding=\"async\" src=\"http:\/\/www.schoene-nachrichten.de\/wp-content\/uploads\/2007\/02\/070209_africa_11.thumbnail.jpg\" alt=\"070209_africa_11.jpg\" \/><\/a>\u00c2\u00a0<a target=\"_blank\" href=\"http:\/\/www.schoene-nachrichten.de\/wp-content\/uploads\/2007\/02\/070209_africa_17.jpg\" title=\"Fotos (24): Max Colin Heydenreich\"><img decoding=\"async\" src=\"http:\/\/www.schoene-nachrichten.de\/wp-content\/uploads\/2007\/02\/070209_africa_17.thumbnail.jpg\" alt=\"070209_africa_17.jpg\" \/><\/a><\/strong><\/p>\n<p><!--more--><strong><a target=\"_blank\" href=\"http:\/\/www.schoene-nachrichten.de\/wp-content\/uploads\/2007\/02\/070209_africa_15.jpg\" title=\"Fotos (24): Max Colin Heydenreich\"><img decoding=\"async\" src=\"http:\/\/www.schoene-nachrichten.de\/wp-content\/uploads\/2007\/02\/070209_africa_15.thumbnail.jpg\" alt=\"070209_africa_15.jpg\" \/><\/a>\u00c2\u00a0<a target=\"_blank\" href=\"http:\/\/www.schoene-nachrichten.de\/wp-content\/uploads\/2007\/02\/070209_africa_23.jpg\" title=\"Fotos (24): Max Colin Heydenreich\"><img decoding=\"async\" src=\"http:\/\/www.schoene-nachrichten.de\/wp-content\/uploads\/2007\/02\/070209_africa_23.thumbnail.jpg\" alt=\"070209_africa_23.jpg\" \/><\/a>\u00c2\u00a0<a target=\"_blank\" href=\"http:\/\/www.schoene-nachrichten.de\/wp-content\/uploads\/2007\/02\/070209_africa_22.jpg\" title=\"Fotos (24): Max Colin Heydenreich\"><img decoding=\"async\" src=\"http:\/\/www.schoene-nachrichten.de\/wp-content\/uploads\/2007\/02\/070209_africa_22.thumbnail.jpg\" alt=\"070209_africa_22.jpg\" \/><\/a>\u00c2\u00a0<\/strong><\/p>\n<p><strong><a target=\"_blank\" href=\"http:\/\/www.schoene-nachrichten.de\/wp-content\/uploads\/2007\/02\/070209_africa_12.jpg\" title=\"Fotos (24): Max Colin Heydenreich\"><img decoding=\"async\" src=\"http:\/\/www.schoene-nachrichten.de\/wp-content\/uploads\/2007\/02\/070209_africa_12.thumbnail.jpg\" alt=\"070209_africa_12.jpg\" \/><\/a>\u00c2\u00a0<a target=\"_blank\" href=\"http:\/\/www.schoene-nachrichten.de\/wp-content\/uploads\/2007\/02\/070209_africa_20.jpg\" title=\"Fotos (24): Max Colin Heydenreich\"><img decoding=\"async\" src=\"http:\/\/www.schoene-nachrichten.de\/wp-content\/uploads\/2007\/02\/070209_africa_20.thumbnail.jpg\" alt=\"070209_africa_20.jpg\" \/><\/a>\u00c2\u00a0<a target=\"_blank\" href=\"http:\/\/www.schoene-nachrichten.de\/wp-content\/uploads\/2007\/02\/070209_africa_21.jpg\" title=\"Fotos (24): Max Colin Heydenreich\"><img decoding=\"async\" src=\"http:\/\/www.schoene-nachrichten.de\/wp-content\/uploads\/2007\/02\/070209_africa_21.thumbnail.jpg\" alt=\"070209_africa_21.jpg\" \/><\/a><\/strong><\/p>\n<p><strong><a target=\"_blank\" href=\"http:\/\/www.schoene-nachrichten.de\/wp-content\/uploads\/2007\/02\/070209_africa_14.jpg\" title=\"Fotos (24): Max Colin Heydenreich\"><img decoding=\"async\" src=\"http:\/\/www.schoene-nachrichten.de\/wp-content\/uploads\/2007\/02\/070209_africa_14.thumbnail.jpg\" alt=\"070209_africa_14.jpg\" \/><\/a>\u00c2\u00a0<a target=\"_blank\" href=\"http:\/\/www.schoene-nachrichten.de\/wp-content\/uploads\/2007\/02\/070209_africa_07.jpg\" title=\"Fotos (24): Max Colin Heydenreich\"><img decoding=\"async\" src=\"http:\/\/www.schoene-nachrichten.de\/wp-content\/uploads\/2007\/02\/070209_africa_07.thumbnail.jpg\" alt=\"070209_africa_07.jpg\" \/><\/a>\u00c2\u00a0<a target=\"_blank\" href=\"http:\/\/www.schoene-nachrichten.de\/wp-content\/uploads\/2007\/02\/070209_africa_03.jpg\" title=\"Fotos (24): Max Colin Heydenreich\"><img decoding=\"async\" src=\"http:\/\/www.schoene-nachrichten.de\/wp-content\/uploads\/2007\/02\/070209_africa_03.thumbnail.jpg\" alt=\"070209_africa_03.jpg\" \/><\/a><\/strong><\/p>\n<p><strong><a target=\"_blank\" href=\"http:\/\/www.schoene-nachrichten.de\/wp-content\/uploads\/2007\/02\/070209_africa_24.jpg\" title=\"Fotos (24): Max Colin Heydenreich\"><img decoding=\"async\" src=\"http:\/\/www.schoene-nachrichten.de\/wp-content\/uploads\/2007\/02\/070209_africa_24.thumbnail.jpg\" alt=\"070209_africa_24.jpg\" \/><\/a>\u00c2\u00a0<a target=\"_blank\" href=\"http:\/\/www.schoene-nachrichten.de\/wp-content\/uploads\/2007\/02\/070209_africa_19.jpg\" title=\"Fotos (24): Max Colin Heydenreich\"><img decoding=\"async\" src=\"http:\/\/www.schoene-nachrichten.de\/wp-content\/uploads\/2007\/02\/070209_africa_19.thumbnail.jpg\" alt=\"070209_africa_19.jpg\" \/><\/a>\u00c2\u00a0<a target=\"_blank\" href=\"http:\/\/www.schoene-nachrichten.de\/wp-content\/uploads\/2007\/02\/070209_africa_18.jpg\" title=\"Fotos (24): Max Colin Heydenreich\"><img decoding=\"async\" src=\"http:\/\/www.schoene-nachrichten.de\/wp-content\/uploads\/2007\/02\/070209_africa_18.thumbnail.jpg\" alt=\"070209_africa_18.jpg\" \/><\/a><\/strong><\/p>\n<p><strong><a target=\"_blank\" href=\"http:\/\/www.schoene-nachrichten.de\/wp-content\/uploads\/2007\/02\/070209_africa_10.jpg\" title=\"Fotos (24): Max Colin Heydenreich\"><img decoding=\"async\" src=\"http:\/\/www.schoene-nachrichten.de\/wp-content\/uploads\/2007\/02\/070209_africa_10.thumbnail.jpg\" alt=\"070209_africa_10.jpg\" \/><\/a>\u00c2\u00a0<a target=\"_blank\" href=\"http:\/\/www.schoene-nachrichten.de\/wp-content\/uploads\/2007\/02\/070209_africa_08.jpg\" title=\"Fotos (24): Max Colin Heydenreich\"><img decoding=\"async\" src=\"http:\/\/www.schoene-nachrichten.de\/wp-content\/uploads\/2007\/02\/070209_africa_08.thumbnail.jpg\" alt=\"070209_africa_08.jpg\" \/><\/a>\u00c2\u00a0<a target=\"_blank\" href=\"http:\/\/www.schoene-nachrichten.de\/wp-content\/uploads\/2007\/02\/070209_africa_06.jpg\" title=\"Fotos (24): Max Colin Heydenreich\"><img decoding=\"async\" src=\"http:\/\/www.schoene-nachrichten.de\/wp-content\/uploads\/2007\/02\/070209_africa_06.thumbnail.jpg\" alt=\"070209_africa_06.jpg\" \/><\/a><\/strong><\/p>\n<p><strong><a target=\"_blank\" href=\"http:\/\/www.schoene-nachrichten.de\/wp-content\/uploads\/2007\/02\/070209_africa_04.jpg\" title=\"Fotos (24): Max Colin Heydenreich\"><img decoding=\"async\" src=\"http:\/\/www.schoene-nachrichten.de\/wp-content\/uploads\/2007\/02\/070209_africa_04.thumbnail.jpg\" alt=\"070209_africa_04.jpg\" \/><\/a>\u00c2\u00a0<a target=\"_blank\" href=\"http:\/\/www.schoene-nachrichten.de\/wp-content\/uploads\/2007\/02\/070209_africa_02.jpg\" title=\"Fotos (24): Max Colin Heydenreich\"><img decoding=\"async\" src=\"http:\/\/www.schoene-nachrichten.de\/wp-content\/uploads\/2007\/02\/070209_africa_02.thumbnail.jpg\" alt=\"070209_africa_02.jpg\" \/><\/a>\u00c2\u00a0<a target=\"_blank\" href=\"http:\/\/www.schoene-nachrichten.de\/wp-content\/uploads\/2007\/02\/070209_africa_16.jpg\" title=\"Fotos (24): Max Colin Heydenreich\"><img decoding=\"async\" src=\"http:\/\/www.schoene-nachrichten.de\/wp-content\/uploads\/2007\/02\/070209_africa_16.thumbnail.jpg\" alt=\"070209_africa_16.jpg\" \/><\/a><\/strong><\/p>\n","protected":false},"excerpt":{"rendered":"<div class=\"tmnf_excerpt\"><p>Sch\u00f6nes aus Fulda. Sie kommen aus \u00c4thiopien, Tansania, aus S\u00fcdafrika, dem Kongo, Simbabwe und der Elfenbeink\u00fcste &#8211; die Artisten, Musiker und T\u00e4nzer von &#8220;MAMA AFRIKA&#8221;, dem Zirkus der Sinne. Zu bestaunen gestern Abend in der Esperantohalle. Neben den artistischen Darbietungen gab es afrikanische Volkst\u00e4nze sowie exotische Kost\u00fcme zu sehen, eine sechsk\u00f6pfige Live-Band zu h\u00f6ren und &hellip;<\/p>\n<\/div>","protected":false},"author":1,"featured_media":0,"comment_status":"closed","ping_status":"closed","sticky":false,"template":"","format":"standard","meta":{"footnotes":""},"categories":[1,54,44],"tags":[],"class_list":["post-1534","post","type-post","status-publish","format-standard","hentry","category-startseite","category-bildergalerien","category-kultur"],"_links":{"self":[{"href":"https:\/\/www.fuldaernachrichten.de\/index.php?rest_route=\/wp\/v2\/posts\/1534","targetHints":{"allow":["GET"]}}],"collection":[{"href":"https:\/\/www.fuldaernachrichten.de\/index.php?rest_route=\/wp\/v2\/posts"}],"about":[{"href":"https:\/\/www.fuldaernachrichten.de\/index.php?rest_route=\/wp\/v2\/types\/post"}],"author":[{"embeddable":true,"href":"https:\/\/www.fuldaernachrichten.de\/index.php?rest_route=\/wp\/v2\/users\/1"}],"replies":[{"embeddable":true,"href":"https:\/\/www.fuldaernachrichten.de\/index.php?rest_route=%2Fwp%2Fv2%2Fcomments&post=1534"}],"version-history":[{"count":0,"href":"https:\/\/www.fuldaernachrichten.de\/index.php?rest_route=\/wp\/v2\/posts\/1534\/revisions"}],"wp:attachment":[{"href":"https:\/\/www.fuldaernachrichten.de\/index.php?rest_route=%2Fwp%2Fv2%2Fmedia&parent=1534"}],"wp:term":[{"taxonomy":"category","embeddable":true,"href":"https:\/\/www.fuldaernachrichten.de\/index.php?rest_route=%2Fwp%2Fv2%2Fcategories&post=1534"},{"taxonomy":"post_tag","embeddable":true,"href":"https:\/\/www.fuldaernachrichten.de\/index.php?rest_route=%2Fwp%2Fv2%2Ftags&post=1534"}],"curies":[{"name":"wp","href":"https:\/\/api.w.org\/{rel}","templated":true}]}}