{"id":153027,"date":"2016-07-06T05:11:50","date_gmt":"2016-07-06T03:11:50","guid":{"rendered":"http:\/\/www.fuldaer-nachrichten.de\/?p=153027"},"modified":"2016-07-05T22:13:10","modified_gmt":"2016-07-05T20:13:10","slug":"neuer-praesident-beim-lions-club-fulda-manke-folgt-auf-schaechinger","status":"publish","type":"post","link":"https:\/\/www.fuldaernachrichten.de\/?p=153027","title":{"rendered":"Neuer Pr\u00e4sident beim Lions-Club Fulda:  Manke folgt auf Sch\u00e4chinger"},"content":{"rendered":"<p>Prof. Dr. Christoph Manke ist neuer Pr\u00e4sident des Lions-Clubs Fulda. Als 59. Pr\u00e4sident \u00fcbernahm er im Rahmen einer feierlichen \u00dcbergabe auf der Fohlenweide das Amt von Prof. Dr. Volker Sch\u00e4chinger. Unter dem Motto \u201eLions mit Herz\u201c standen die Aktivit\u00e4ten des abgelaufenen Lionsjahres, bei denen das Herz nicht nur durch Laufen bewegt wurde. Im Rahmen des Fulda Marathon liefen Fl\u00fcchtlinge gemeinsam mit den einheimischen L\u00e4ufern und aus den Erl\u00f6sen der Veranstaltung wurden mobile Sprach- und Integrationskurse unterst\u00fctzt, um ein baldiges selbstst\u00e4ndiges Leben der Neuank\u00f6mmlinge zu f\u00f6rdern. Zahlreiche weitere Projekte f\u00fcr Kinder und Jugendliche, oftmals auch mit Fl\u00fcchtlingshintergrund, wurden aus dem Verkauf des Adventskalenders finanziert. Abschluss des Pr\u00e4sidentenjahres bildete eine Sonderveranstaltung des Musicals \u201eMedicus\u201c zu Gunsten der Fuldaer und Lauterbacher Tafel. Der scheidende Pr\u00e4sident dankte dem Vorstand und allen Mitgliedern f\u00fcr ihre Unterst\u00fctzung und das gro\u00dfe Engagement, welches die Aktivit\u00e4ten erm\u00f6glichte.<\/p>\n<p>Die Mitglieder freuen sich nun auf das neue Lionsjahr mit Christoph Manke. Das Motto steht schon fest: Mit \u201eLions 4 Kids\u201c m\u00f6chte Manke sich besonders um benachteiligte Kinder der Region k\u00fcmmern.<\/p>\n<p>&nbsp;<\/p>\n<p>Bild: Prof. Dr. Volker Sch\u00e4chinger (links) und Prof. Dr. Christoph Manke<\/p>\n","protected":false},"excerpt":{"rendered":"<div class=\"tmnf_excerpt\"><p>Prof. Dr. Christoph Manke ist neuer Pr\u00e4sident des Lions-Clubs Fulda. Als 59. Pr\u00e4sident \u00fcbernahm er im Rahmen einer feierlichen \u00dcbergabe auf der Fohlenweide das Amt von Prof. Dr. Volker Sch\u00e4chinger. Unter dem Motto \u201eLions mit Herz\u201c standen die Aktivit\u00e4ten des abgelaufenen Lionsjahres, bei denen das Herz nicht nur durch Laufen bewegt wurde. Im Rahmen des &hellip;<\/p>\n<\/div>","protected":false},"author":1,"featured_media":153031,"comment_status":"closed","ping_status":"closed","sticky":false,"template":"","format":"standard","meta":{"footnotes":""},"categories":[1],"tags":[],"class_list":["post-153027","post","type-post","status-publish","format-standard","has-post-thumbnail","hentry","category-startseite"],"_links":{"self":[{"href":"https:\/\/www.fuldaernachrichten.de\/index.php?rest_route=\/wp\/v2\/posts\/153027","targetHints":{"allow":["GET"]}}],"collection":[{"href":"https:\/\/www.fuldaernachrichten.de\/index.php?rest_route=\/wp\/v2\/posts"}],"about":[{"href":"https:\/\/www.fuldaernachrichten.de\/index.php?rest_route=\/wp\/v2\/types\/post"}],"author":[{"embeddable":true,"href":"https:\/\/www.fuldaernachrichten.de\/index.php?rest_route=\/wp\/v2\/users\/1"}],"replies":[{"embeddable":true,"href":"https:\/\/www.fuldaernachrichten.de\/index.php?rest_route=%2Fwp%2Fv2%2Fcomments&post=153027"}],"version-history":[{"count":1,"href":"https:\/\/www.fuldaernachrichten.de\/index.php?rest_route=\/wp\/v2\/posts\/153027\/revisions"}],"predecessor-version":[{"id":153032,"href":"https:\/\/www.fuldaernachrichten.de\/index.php?rest_route=\/wp\/v2\/posts\/153027\/revisions\/153032"}],"wp:featuredmedia":[{"embeddable":true,"href":"https:\/\/www.fuldaernachrichten.de\/index.php?rest_route=\/wp\/v2\/media\/153031"}],"wp:attachment":[{"href":"https:\/\/www.fuldaernachrichten.de\/index.php?rest_route=%2Fwp%2Fv2%2Fmedia&parent=153027"}],"wp:term":[{"taxonomy":"category","embeddable":true,"href":"https:\/\/www.fuldaernachrichten.de\/index.php?rest_route=%2Fwp%2Fv2%2Fcategories&post=153027"},{"taxonomy":"post_tag","embeddable":true,"href":"https:\/\/www.fuldaernachrichten.de\/index.php?rest_route=%2Fwp%2Fv2%2Ftags&post=153027"}],"curies":[{"name":"wp","href":"https:\/\/api.w.org\/{rel}","templated":true}]}}