{"id":152740,"date":"2016-06-29T07:58:31","date_gmt":"2016-06-29T05:58:31","guid":{"rendered":"http:\/\/www.fuldaer-nachrichten.de\/?p=152740"},"modified":"2016-06-29T07:58:31","modified_gmt":"2016-06-29T05:58:31","slug":"ilona-vogel-tritt-als-kandidatin-fuer-spd-und-gruene-bei-der-buergermeisterwahl-in-neuhof-an","status":"publish","type":"post","link":"https:\/\/www.fuldaernachrichten.de\/?p=152740","title":{"rendered":"Ilona Vogel tritt als Kandidatin f\u00fcr SPD und Gr\u00fcne bei der B\u00fcrgermeisterwahl in Neuhof an"},"content":{"rendered":"<p>Bei der B\u00fcrgermeisterwahl am 18. September in Neuhof tritt die 49-j\u00e4hrige Ilona Vogel f\u00fcr SPD und Gr\u00fcne an. Dies gaben die beiden Parteien sowie die Kandidatin in einer Pressemitteilung bekannt. Ilona Vogel lebt in Flieden, ist allerdings geb\u00fcrtige Neuhoferin, aufgewachsen im Ortsteil Dorfborn. Vogel ist selbstst\u00e4ndiger Coach und Trainerin, dabei unter anderem Spezialistin f\u00fcr \u201esoziale Kompetenzen im \u00f6ffentlichen Dienst\u201c. Zw\u00f6lf Jahre lang hatte die Diplom-Verwaltungswirtin das Haupt- und Personalamt sowie das Ordnungsamt der Gemeinde Flieden geleitet. Im Jahr 2010 war sie in Flieden B\u00fcrgermeisterkandidatin, dort aber Christian Henkel (CDU) unterlegen.<\/p>\n<p>\u201eEs ist mir eine Herzensangelegenheit, als Kandidatin f\u00fcr meine Heimatgemeinde anzutreten\u201c, sagt Vogel, die verheiratet und Mutter von f\u00fcnf Kindern ist. \u201eIch trete f\u00fcr ein menschliches Miteinander ein und will B\u00fcrgermeisterin f\u00fcr alle Neuhoferinnen und Neuhofer sein.\u201c Ihr Wahlslogan lautet entsprechend: \u201eGemeinsam sind wir st\u00e4rker\u201c.\u00c2\u00a0 Sie m\u00f6chte mit den B\u00fcrgerinnen und B\u00fcrgern in eine Richtung gehen, statt sich im Kreise zu drehen. Dabei w\u00e4hlt sie symbolisch den Deutschland-Achter im Rudern, der nur schnell und erfolgreich sein kann, wenn alle gemeinsam in die gleiche Richtung rudern.<\/p>\n<p>Nach vielen Jahren der Entbehrungen durch Bauma\u00dfnahmen in Neuhof m\u00f6chte Vogel als B\u00fcrgermeisterin vieles zum Wohle der Menschen bewirken. \u201eTempo 30 f\u00fcr Lkw in den Nachtstunden, regelm\u00e4\u00dfige B\u00fcrgersprechstunden, ein offenes\u00c2\u00a0 Rathaus an Samstagen, ein digitales Rathaus, bei dem die Dienstleistung direkt zum den B\u00fcrgern nach Hause gebracht wird, die Nutzung sozialer Medien zur Information und Meinungsbildung: Diese Themen stehen unter anderem\u00c2\u00a0 auf meiner Agenda\u201c, sagt Vogel: \u201eHier m\u00fcssen wir mit der Zeit gehen, um alle B\u00fcrger zu erreichen!\u201c<\/p>\n<p>Josef Benkner, Fraktionsvorsitzender der Gr\u00fcnen, erkl\u00e4rt, warum seine Partei sich f\u00fcr Ilona Vogel entschieden habe: \u201eSie ist aufgrund ihrer bisherigen beruflichen T\u00e4tigkeiten sehr gut f\u00fcr die Leitung des Neuhofer Rathauses geeignet. Da gibt es keine Bessere. Wir erhoffen uns mit Ilona Vogel als B\u00fcrgermeisterin einen fairen Umgang mit allen im Neuhofer Parlament vertretenen Parteien und W\u00e4hlergruppen.\u201c<\/p>\n<p>Petra Hartung, Vorsitzende der SPD-Fraktion in Neuhof,\u00c2\u00a0 sagt: \u201eWir halten Ilona Vogel aufgrund ihrer Ausbildung und beruflichen Erfahrung f\u00fcr bestens geeignet, das B\u00fcrgermeisteramt zum Wohl der Gemeinde und ihrer B\u00fcrger auszuf\u00fcllen. Sie verf\u00fcgt nicht nur \u00fcber ein hohes Ma\u00df an beruflichen, sondern auch an sozialen Kompetenzen. Sie kann auf die Menschen zugehen und ihre Probleme und Anliegen annehmen und verstehen. Wir erwarten von Ilona Vogel eine objektive und transparente Amtsf\u00fchrung in kollegialer Zusammenarbeit mit allen politischen Gruppierungen.\u201c<\/p>\n<p>Ilona Vogel will sich Medien und \u00d6ffentlichkeit w\u00e4hrend einer Pressekonferenz am Freitag, 1. Juli, um 16 Uhr im Gasthof Schmitt (Gasse) vorstellen. Alle interessierten B\u00fcrgerinnen und B\u00fcrger sind zu dieser Veranstaltung herzlich eingeladen.<\/p>\n","protected":false},"excerpt":{"rendered":"<div class=\"tmnf_excerpt\"><p>Bei der B\u00fcrgermeisterwahl am 18. September in Neuhof tritt die 49-j\u00e4hrige Ilona Vogel f\u00fcr SPD und Gr\u00fcne an. Dies gaben die beiden Parteien sowie die Kandidatin in einer Pressemitteilung bekannt. Ilona Vogel lebt in Flieden, ist allerdings geb\u00fcrtige Neuhoferin, aufgewachsen im Ortsteil Dorfborn. Vogel ist selbstst\u00e4ndiger Coach und Trainerin, dabei unter anderem Spezialistin f\u00fcr \u201esoziale &hellip;<\/p>\n<\/div>","protected":false},"author":1,"featured_media":152744,"comment_status":"closed","ping_status":"closed","sticky":false,"template":"","format":"standard","meta":{"footnotes":""},"categories":[1],"tags":[],"class_list":["post-152740","post","type-post","status-publish","format-standard","has-post-thumbnail","hentry","category-startseite"],"_links":{"self":[{"href":"https:\/\/www.fuldaernachrichten.de\/index.php?rest_route=\/wp\/v2\/posts\/152740","targetHints":{"allow":["GET"]}}],"collection":[{"href":"https:\/\/www.fuldaernachrichten.de\/index.php?rest_route=\/wp\/v2\/posts"}],"about":[{"href":"https:\/\/www.fuldaernachrichten.de\/index.php?rest_route=\/wp\/v2\/types\/post"}],"author":[{"embeddable":true,"href":"https:\/\/www.fuldaernachrichten.de\/index.php?rest_route=\/wp\/v2\/users\/1"}],"replies":[{"embeddable":true,"href":"https:\/\/www.fuldaernachrichten.de\/index.php?rest_route=%2Fwp%2Fv2%2Fcomments&post=152740"}],"version-history":[{"count":1,"href":"https:\/\/www.fuldaernachrichten.de\/index.php?rest_route=\/wp\/v2\/posts\/152740\/revisions"}],"predecessor-version":[{"id":152745,"href":"https:\/\/www.fuldaernachrichten.de\/index.php?rest_route=\/wp\/v2\/posts\/152740\/revisions\/152745"}],"wp:featuredmedia":[{"embeddable":true,"href":"https:\/\/www.fuldaernachrichten.de\/index.php?rest_route=\/wp\/v2\/media\/152744"}],"wp:attachment":[{"href":"https:\/\/www.fuldaernachrichten.de\/index.php?rest_route=%2Fwp%2Fv2%2Fmedia&parent=152740"}],"wp:term":[{"taxonomy":"category","embeddable":true,"href":"https:\/\/www.fuldaernachrichten.de\/index.php?rest_route=%2Fwp%2Fv2%2Fcategories&post=152740"},{"taxonomy":"post_tag","embeddable":true,"href":"https:\/\/www.fuldaernachrichten.de\/index.php?rest_route=%2Fwp%2Fv2%2Ftags&post=152740"}],"curies":[{"name":"wp","href":"https:\/\/api.w.org\/{rel}","templated":true}]}}