{"id":152278,"date":"2016-06-16T09:38:49","date_gmt":"2016-06-16T07:38:49","guid":{"rendered":"http:\/\/www.fuldaer-nachrichten.de\/?p=152278"},"modified":"2016-06-16T09:38:49","modified_gmt":"2016-06-16T07:38:49","slug":"lions-club-fulda-foerdert-ausbau-mobiler-integrationskurse-fuer-fluechtlinge","status":"publish","type":"post","link":"https:\/\/www.fuldaernachrichten.de\/?p=152278","title":{"rendered":"Lions-Club Fulda f\u00f6rdert Ausbau mobiler Integrationskurse f\u00fcr Fl\u00fcchtlinge"},"content":{"rendered":"<p>Sprache ist der zentrale Schl\u00fcssel zur Integration. \u201eInvestition in die K\u00f6pfe\u201c ist daher das Motto des Lions-Club Fulda mit dem er die mobile Sprachf\u00f6rderung f\u00fcr Fl\u00fcchtlinge in der Region Fulda mit insgesamt \u00e2\u201a\u00ac 12.000 in diesem Jahr unterst\u00fctzt. Nach einer ersten Tranche im Januar \u00fcbergaben Prof. Dr. Volker Sch\u00e4chinger (Pr\u00e4sident) und Prof. Dr. Christoph Manke (Vizepr\u00e4sident) des Lions-Club Fulda nun bei einem Besuch der Fl\u00fcchtlingsunterkunft im Michaelshof (Unterbernhards) die zweiten \u00e2\u201a\u00ac 6.000 um das von Gr\u00fcmel e.V. initiierte Projekt f\u00fcr zahlreiche Unterk\u00fcnfte in der Rh\u00f6n zu unterst\u00fctzen. Mit transportierbaren Laptops werden Sprachschulungen in Zusammenarbeit mit der Volkshochschule Fulda durchgef\u00fchrt, die durch den Leiter, Michael Friedrich und der Dozentin Christiane Wingenfeld vertreten war. \u201eMit der Volkshochschule haben wir einen Partner, der ein hohes Ma\u00df an Professionalit\u00e4t und Nachhaltigkeit in unserem Schulungskonzept gew\u00e4hrleistet\u201c f\u00fchrt Matthias Kraft, Leiter von Gr\u00fcmel aus. Dabei soll bei den Kursen nicht nur Sprache erlernt werden, vielmehr handelt es sich um \u201eIntegrationskurse\u201c, die auch soziale und kulturelle Kompetenzen vermitteln, welche das Einleben erleichtern. \u201eIn hohem Ma\u00dfe sind wir dar\u00fcber hinaus auf ehrenamtliche Mitarbeiter angewiesen\u201c, erg\u00e4nzt Bernhard Bormann, P\u00e4dagogischer Leiter des Michaelshofes. Das gilt nicht nur f\u00fcr die Schulungen selbst sondern insbesondere auch f\u00fcr Logistik und Transporte, wie Lutz Weidner, einer der vielbesch\u00e4ftigten ehrenamtlichen Helfer ausf\u00fchrte. Der Lions-Club Fulda hatte hier schon mit einem Fahrzeug (Lions Bildungsmobil) Gr\u00fcmel unterst\u00fctzt.<\/p>\n<p>\u201eIch bin beeindruckt vom Engagement und Enthusiasmus mit dem das gesamte Team die Fl\u00fcchtlinge auf ein selbstst\u00e4ndiges Leben in Deutschland vorbereitet\u201c res\u00fcmiert Prof. Sch\u00e4chinger den Besuch am Michaelshof.<\/p>\n<p>Im September 2015 hatte der Lions-Club beim Fulda Marathon Fl\u00fcchtlinge in gemeinsame Laufteams integriert. Mit den Erl\u00f6sen aus dieser und weiteren Aktivit\u00e4ten (z.B. Adventskalender) werden die mobilen Sprach- und Integrationskurse gef\u00f6rdert.<\/p>\n","protected":false},"excerpt":{"rendered":"<div class=\"tmnf_excerpt\"><p>Sprache ist der zentrale Schl\u00fcssel zur Integration. \u201eInvestition in die K\u00f6pfe\u201c ist daher das Motto des Lions-Club Fulda mit dem er die mobile Sprachf\u00f6rderung f\u00fcr Fl\u00fcchtlinge in der Region Fulda mit insgesamt \u00e2\u201a\u00ac 12.000 in diesem Jahr unterst\u00fctzt. Nach einer ersten Tranche im Januar \u00fcbergaben Prof. Dr. Volker Sch\u00e4chinger (Pr\u00e4sident) und Prof. Dr. Christoph Manke &hellip;<\/p>\n<\/div>","protected":false},"author":1,"featured_media":152285,"comment_status":"closed","ping_status":"closed","sticky":false,"template":"","format":"standard","meta":{"footnotes":""},"categories":[1],"tags":[],"class_list":["post-152278","post","type-post","status-publish","format-standard","has-post-thumbnail","hentry","category-startseite"],"_links":{"self":[{"href":"https:\/\/www.fuldaernachrichten.de\/index.php?rest_route=\/wp\/v2\/posts\/152278","targetHints":{"allow":["GET"]}}],"collection":[{"href":"https:\/\/www.fuldaernachrichten.de\/index.php?rest_route=\/wp\/v2\/posts"}],"about":[{"href":"https:\/\/www.fuldaernachrichten.de\/index.php?rest_route=\/wp\/v2\/types\/post"}],"author":[{"embeddable":true,"href":"https:\/\/www.fuldaernachrichten.de\/index.php?rest_route=\/wp\/v2\/users\/1"}],"replies":[{"embeddable":true,"href":"https:\/\/www.fuldaernachrichten.de\/index.php?rest_route=%2Fwp%2Fv2%2Fcomments&post=152278"}],"version-history":[{"count":1,"href":"https:\/\/www.fuldaernachrichten.de\/index.php?rest_route=\/wp\/v2\/posts\/152278\/revisions"}],"predecessor-version":[{"id":152287,"href":"https:\/\/www.fuldaernachrichten.de\/index.php?rest_route=\/wp\/v2\/posts\/152278\/revisions\/152287"}],"wp:featuredmedia":[{"embeddable":true,"href":"https:\/\/www.fuldaernachrichten.de\/index.php?rest_route=\/wp\/v2\/media\/152285"}],"wp:attachment":[{"href":"https:\/\/www.fuldaernachrichten.de\/index.php?rest_route=%2Fwp%2Fv2%2Fmedia&parent=152278"}],"wp:term":[{"taxonomy":"category","embeddable":true,"href":"https:\/\/www.fuldaernachrichten.de\/index.php?rest_route=%2Fwp%2Fv2%2Fcategories&post=152278"},{"taxonomy":"post_tag","embeddable":true,"href":"https:\/\/www.fuldaernachrichten.de\/index.php?rest_route=%2Fwp%2Fv2%2Ftags&post=152278"}],"curies":[{"name":"wp","href":"https:\/\/api.w.org\/{rel}","templated":true}]}}