{"id":152259,"date":"2016-06-16T09:33:52","date_gmt":"2016-06-16T07:33:52","guid":{"rendered":"http:\/\/www.fuldaer-nachrichten.de\/?p=152259"},"modified":"2016-06-16T09:34:49","modified_gmt":"2016-06-16T07:34:49","slug":"seniorenausflug-nach-muennerstadt","status":"publish","type":"post","link":"https:\/\/www.fuldaernachrichten.de\/?p=152259","title":{"rendered":"Seniorenausflug nach M\u00fcnnerstadt"},"content":{"rendered":"<p>Die Stadt Fulda l\u00e4dt ihre \u00e4lteren Mitb\u00fcrgerinnen und Mitb\u00fcrgerinnen zu ein Busfahrten nach M\u00fcnnerstadt ein. Die Busse starten jeweils um 13:00 Uhr am Dienstag, den 5. und Mittwoch, den 6. Juli am Schlo\u00dftheater und am Donnerstag, den 7. Juli vor dem Seniorenb\u00fcro Ziehers-S\u00fcd in der Dr.-H\u00f6fling-Stra\u00dfe. Die Teilnehmerinnen und Teilnehmer treffen gegen 18:00 Uhr wieder in Fulda ein. <\/p>\n<p>Das malerische M\u00fcnnerstadt liegt im sch\u00f6nen Unterfranken und ist das Tor zur Rh\u00f6n. Hinter den m\u00e4chtigen Stadtmauern verbirgt sich ein mittelalterliches Kleinod mit romantischen Winkeln und Gassen. Prachtvolle Kirchen und stolze B\u00fcrgerh\u00e4user spiegeln die reiche Geschichte der Stadt. Kunstfertigkeit und Gesch\u00e4ftssinn verdanken die M\u00fcnnerst\u00e4dter den Reichtum vergangener Zeiten. Entdecken Sie kunsthistorische Sch\u00e4tze innerhalb der Stadtmauern: den Riehmenschneider-Alter und Tafelbilder von Veit Sto\u00df in der Stadtpfarrkirche. Interessierte haben die M\u00f6glichkeit an einer F\u00fchrung teilzunehmen.<\/p>\n<p>Karten zum Preis von 3,00 Euro erhalten Sie ab Donnerstag, 23. Juni, im B\u00fcrgerb\u00fcro im Stadtschloss.<\/p>\n","protected":false},"excerpt":{"rendered":"<div class=\"tmnf_excerpt\"><p>Die Stadt Fulda l\u00e4dt ihre \u00e4lteren Mitb\u00fcrgerinnen und Mitb\u00fcrgerinnen zu ein Busfahrten nach M\u00fcnnerstadt ein. Die Busse starten jeweils um 13:00 Uhr am Dienstag, den 5. und Mittwoch, den 6. Juli am Schlo\u00dftheater und am Donnerstag, den 7. Juli vor dem Seniorenb\u00fcro Ziehers-S\u00fcd in der Dr.-H\u00f6fling-Stra\u00dfe. Die Teilnehmerinnen und Teilnehmer treffen gegen 18:00 Uhr wieder &hellip;<\/p>\n<\/div>","protected":false},"author":1,"featured_media":0,"comment_status":"closed","ping_status":"closed","sticky":false,"template":"","format":"standard","meta":{"footnotes":""},"categories":[1],"tags":[],"class_list":["post-152259","post","type-post","status-publish","format-standard","hentry","category-startseite"],"_links":{"self":[{"href":"https:\/\/www.fuldaernachrichten.de\/index.php?rest_route=\/wp\/v2\/posts\/152259","targetHints":{"allow":["GET"]}}],"collection":[{"href":"https:\/\/www.fuldaernachrichten.de\/index.php?rest_route=\/wp\/v2\/posts"}],"about":[{"href":"https:\/\/www.fuldaernachrichten.de\/index.php?rest_route=\/wp\/v2\/types\/post"}],"author":[{"embeddable":true,"href":"https:\/\/www.fuldaernachrichten.de\/index.php?rest_route=\/wp\/v2\/users\/1"}],"replies":[{"embeddable":true,"href":"https:\/\/www.fuldaernachrichten.de\/index.php?rest_route=%2Fwp%2Fv2%2Fcomments&post=152259"}],"version-history":[{"count":2,"href":"https:\/\/www.fuldaernachrichten.de\/index.php?rest_route=\/wp\/v2\/posts\/152259\/revisions"}],"predecessor-version":[{"id":152269,"href":"https:\/\/www.fuldaernachrichten.de\/index.php?rest_route=\/wp\/v2\/posts\/152259\/revisions\/152269"}],"wp:attachment":[{"href":"https:\/\/www.fuldaernachrichten.de\/index.php?rest_route=%2Fwp%2Fv2%2Fmedia&parent=152259"}],"wp:term":[{"taxonomy":"category","embeddable":true,"href":"https:\/\/www.fuldaernachrichten.de\/index.php?rest_route=%2Fwp%2Fv2%2Fcategories&post=152259"},{"taxonomy":"post_tag","embeddable":true,"href":"https:\/\/www.fuldaernachrichten.de\/index.php?rest_route=%2Fwp%2Fv2%2Ftags&post=152259"}],"curies":[{"name":"wp","href":"https:\/\/api.w.org\/{rel}","templated":true}]}}