{"id":151956,"date":"2016-06-08T11:51:53","date_gmt":"2016-06-08T09:51:53","guid":{"rendered":"http:\/\/www.fuldaer-nachrichten.de\/?p=151956"},"modified":"2016-06-08T11:51:53","modified_gmt":"2016-06-08T09:51:53","slug":"parlamentarischer-abend-der-stadt-fulda-fuer-ausscheidende-amtstraeger-und-neue-ortsvorsteher","status":"publish","type":"post","link":"https:\/\/www.fuldaernachrichten.de\/?p=151956","title":{"rendered":"Parlamentarischer Abend der Stadt Fulda f\u00fcr  ausscheidende Amtstr\u00e4ger und neue Ortsvorsteher"},"content":{"rendered":"<p>Einen feierlichen parlamentarischen Abend im Marmorsaal des Stadtschlosses veranstaltete die Stadt Fulda f\u00fcr die ausscheidenden Mitglieder von Stadtverordnetenversammlung und Magistrat sowie Ortsvorsteher. Es sei ihm ein wichtiges Anliegen, ein herzliches Wort des Dankes f\u00fcr dieses oft langj\u00e4hrige ehrenamtliche Engagement in der Kommunalpolitik zu sagen, so Oberb\u00fcrgermeister Dr. Heiko Wingenfeld, der zu diesem Anlass eigens die Amtskette angelegt hatte. \u201eEs ist heutzutage eben nicht selbstverst\u00e4ndlich, wenn Menschen viele Stunden ihrer Freizeit opfern, um sich f\u00fcr die Belange aller B\u00fcrger in Fulda einzusetzen, egal ob sie von dem anstehenden Thema selber betroffen sind oder nicht\u201c, sagte er. Ausdr\u00fccklich bezogen er und auch Stadtverordnetenvorsteherin Margarete Hartmann die Familien der scheidenden Amtstr\u00e4ger in ihren Dank mit ein. Insgesamt wurden vier Mitglieder des Magistrats und vier Ortsvorsteher verabschiedet sowie 15 Stadtverordnete.  Sie alle erhielten zum Dank die dekorative Fulda-Plakette aus Bronze sowie ein kleines Pr\u00e4sent.<\/p>\n<p>Eine besondere Ehrung wurde Gertrud Auth, Eduard Hannig, Otmar Heil, Annegret Schmitt und Hannelore Schultheis zuteil: Sie erhielten den Titel \u201eStadt\u00e4lteste\u201c bzw. \u201eStadt\u00e4ltester\u201c f\u00fcr ihre mindestens 20-j\u00e4hrige T\u00e4tigkeit als Stadtverordnete oder Ehrenbeamte, die sie \u2013 so die Bedingung in der Ehrenordnung der Stadt Fulda \u2013 \u201eohne Tadel ausge\u00fcbt haben\u201c. Damit gibt es nun 30 Stadt\u00e4lteste in Fulda, die beispielsweise Einladungen zu allen offiziellen Terminen und Veranstaltungen erhalten und freien Eintritt zu den st\u00e4dtischen Theater- und Konzertveranstaltungen haben.<br \/>\nNeu in ihre \u00c4mter eingef\u00fchrt und vereidigt wurden vier Ortsvorsteher: Stefan Euler f\u00fcr Lehnerz, Georg G\u00fcnder f\u00fcr Zell, Bernhard Lindner f\u00fcr Niederrode und Felix Statt f\u00fcr Gl\u00e4serzell. <\/p>\n","protected":false},"excerpt":{"rendered":"<div class=\"tmnf_excerpt\"><p>Einen feierlichen parlamentarischen Abend im Marmorsaal des Stadtschlosses veranstaltete die Stadt Fulda f\u00fcr die ausscheidenden Mitglieder von Stadtverordnetenversammlung und Magistrat sowie Ortsvorsteher. Es sei ihm ein wichtiges Anliegen, ein herzliches Wort des Dankes f\u00fcr dieses oft langj\u00e4hrige ehrenamtliche Engagement in der Kommunalpolitik zu sagen, so Oberb\u00fcrgermeister Dr. Heiko Wingenfeld, der zu diesem Anlass eigens die &hellip;<\/p>\n<\/div>","protected":false},"author":1,"featured_media":151966,"comment_status":"closed","ping_status":"closed","sticky":false,"template":"","format":"standard","meta":{"footnotes":""},"categories":[1],"tags":[],"class_list":["post-151956","post","type-post","status-publish","format-standard","has-post-thumbnail","hentry","category-startseite"],"_links":{"self":[{"href":"https:\/\/www.fuldaernachrichten.de\/index.php?rest_route=\/wp\/v2\/posts\/151956","targetHints":{"allow":["GET"]}}],"collection":[{"href":"https:\/\/www.fuldaernachrichten.de\/index.php?rest_route=\/wp\/v2\/posts"}],"about":[{"href":"https:\/\/www.fuldaernachrichten.de\/index.php?rest_route=\/wp\/v2\/types\/post"}],"author":[{"embeddable":true,"href":"https:\/\/www.fuldaernachrichten.de\/index.php?rest_route=\/wp\/v2\/users\/1"}],"replies":[{"embeddable":true,"href":"https:\/\/www.fuldaernachrichten.de\/index.php?rest_route=%2Fwp%2Fv2%2Fcomments&post=151956"}],"version-history":[{"count":1,"href":"https:\/\/www.fuldaernachrichten.de\/index.php?rest_route=\/wp\/v2\/posts\/151956\/revisions"}],"predecessor-version":[{"id":151967,"href":"https:\/\/www.fuldaernachrichten.de\/index.php?rest_route=\/wp\/v2\/posts\/151956\/revisions\/151967"}],"wp:featuredmedia":[{"embeddable":true,"href":"https:\/\/www.fuldaernachrichten.de\/index.php?rest_route=\/wp\/v2\/media\/151966"}],"wp:attachment":[{"href":"https:\/\/www.fuldaernachrichten.de\/index.php?rest_route=%2Fwp%2Fv2%2Fmedia&parent=151956"}],"wp:term":[{"taxonomy":"category","embeddable":true,"href":"https:\/\/www.fuldaernachrichten.de\/index.php?rest_route=%2Fwp%2Fv2%2Fcategories&post=151956"},{"taxonomy":"post_tag","embeddable":true,"href":"https:\/\/www.fuldaernachrichten.de\/index.php?rest_route=%2Fwp%2Fv2%2Ftags&post=151956"}],"curies":[{"name":"wp","href":"https:\/\/api.w.org\/{rel}","templated":true}]}}