{"id":151867,"date":"2016-06-06T08:59:14","date_gmt":"2016-06-06T06:59:14","guid":{"rendered":"http:\/\/www.fuldaer-nachrichten.de\/?p=151867"},"modified":"2016-06-06T08:59:14","modified_gmt":"2016-06-06T06:59:14","slug":"klinikum-fulda-unterstuetzt-mut-tour-2016-%e2%80%a8radeln-gegen-das-stigma-der-depression","status":"publish","type":"post","link":"https:\/\/www.fuldaernachrichten.de\/?p=151867","title":{"rendered":"Klinikum Fulda unterst\u00fctzt  MUT-TOUR 2016: \u00e2\u20ac\u00a8Radeln gegen das Stigma der Depression"},"content":{"rendered":"<p>Die Krankheit Depression ist h\u00e4ufig mit Vorurteilen und Unverst\u00e4ndnis verbunden. Die \u201eMUT-Tour\u201c ist Deutschlands erstes Aktionsprogramm auf R\u00e4dern, das einen Beitrag zum besseren Verst\u00e4ndnis der Erkrankung und zu deren Entstigmatisierung leisten will. Zwischen Juni und September fahren \u00fcber 50 Tandem-Teams rund 3.700 km durch ganz Deutschland. Am 07.06.2016 macht die Tour in Fulda auf dem Universit\u00e4tsplatz Station. Das B\u00fcndnis gegen Depression Fulda (Vorsitzender Dr. Ulrich Walter), l\u00e4dt Interessierte und Rad-Begeisterte \u2013 ob mit oder ohne Depressionserfahrung &#8211; herzlich zur Mitfahr-Aktion ein.<\/p>\n<p>Auf der gesamten Tour erleben die Teilnehmer, wie leistungsdruckfreier Sport, Struktur, Natur und Gemeinschaft die Stimmung heben kann.  Die MUT-TOUR sieht sich als Mutmacher, frei \u00fcber eine Erkrankung zu reden, die mehr Tote fordert als der Stra\u00dfenverkehr und h\u00e4ufiger zur vorzeitigen Berentung f\u00fchrt als R\u00fcckenleiden. \u201eMit dieser Aktion engagieren wir uns f\u00fcr die \u00fcber vier Millionen betroffenen Menschen in Deutschland, von denen sich Viele nicht trauen, offen \u00fcber ihre Krankheit zu sprechen\u201c, so Dr. Walter, Vorsitzender des B\u00fcndnisses gegen Depression Fulda. \u201eZiel der Aktion ist es, Menschen mit und ohne Depressionserfahrungen zusammenzubringen und gemeinsam in Bewegung zu sein\u201c, erg\u00e4nzen Dr. Anna-Maria Budczies (Direktorin der Klinik f\u00fcr Psychosomatik) und Prof. Dr. Georg Wiedemann (Direktor der Klinik f\u00fcr Psychiatrie und Psychotherapie).<\/p>\n<p>Die MUT-Tour h\u00e4lt am 07. Juni 2016 Uhr auf dem Universit\u00e4tsplatz in Fulda. Umrahmt wird die Veranstaltung von 16.00 bis 19.30 Uhr mit Infost\u00e4nden vom B\u00fcndnis gegen Depression Fulda, vom ADFC Fulda (Allgemeiner Deutscher Fahrrad-Club Fulda) und anderen Institutionen. Ab 16.30 Uhr startet die Mitfahr-Aktion vom Universit\u00e4tsplatz:  Mitglieder des  ADFC Fulda begleiten die Aktion und radeln gemeinsam mit den Teilnehmern von Fulda nach Neuhof und zur\u00fcck. Die insgesamt 30 km lange Strecke ist auch von unge\u00fcbten Fahrern zu bew\u00e4ltigen. Das MUT-TOUR-Team wird um 19.15 Uhr von. Oberb\u00fcrgermeister Dr. Heiko Wingenfeld am Universit\u00e4tsplatz Fulda  willkommen gehei\u00dfen. Anschlie\u00dfend besteht ausreichend die M\u00f6glichkeit, bei Musik und kulinarischen Gen\u00fcssen mit den Teilnehmern ins Gespr\u00e4ch zu kommen. <\/p>\n<p>Interessierte, Rad-Begeisterte und Firmen- oder Vereins-Teams sind herzlich eingeladen. Ob mit oder ohne Depressionserfahrung: Radeln Sie mit und setzen Sie ein Zeichen gegen Ausgrenzung und die Stigmatisierung psychischer Erkrankungen! Der ADFC Fulda stellt die Tourenleitung. Kommen Sie einfach mit Ihrem Rad, Kosten entstehen keine.<br \/>\nN\u00e4here Informationen: www.mut-tour.de\/fulda<\/p>\n","protected":false},"excerpt":{"rendered":"<div class=\"tmnf_excerpt\"><p>Die Krankheit Depression ist h\u00e4ufig mit Vorurteilen und Unverst\u00e4ndnis verbunden. Die \u201eMUT-Tour\u201c ist Deutschlands erstes Aktionsprogramm auf R\u00e4dern, das einen Beitrag zum besseren Verst\u00e4ndnis der Erkrankung und zu deren Entstigmatisierung leisten will. Zwischen Juni und September fahren \u00fcber 50 Tandem-Teams rund 3.700 km durch ganz Deutschland. Am 07.06.2016 macht die Tour in Fulda auf dem &hellip;<\/p>\n<\/div>","protected":false},"author":1,"featured_media":0,"comment_status":"closed","ping_status":"closed","sticky":false,"template":"","format":"standard","meta":{"footnotes":""},"categories":[51],"tags":[],"class_list":["post-151867","post","type-post","status-publish","format-standard","hentry","category-medizin"],"_links":{"self":[{"href":"https:\/\/www.fuldaernachrichten.de\/index.php?rest_route=\/wp\/v2\/posts\/151867","targetHints":{"allow":["GET"]}}],"collection":[{"href":"https:\/\/www.fuldaernachrichten.de\/index.php?rest_route=\/wp\/v2\/posts"}],"about":[{"href":"https:\/\/www.fuldaernachrichten.de\/index.php?rest_route=\/wp\/v2\/types\/post"}],"author":[{"embeddable":true,"href":"https:\/\/www.fuldaernachrichten.de\/index.php?rest_route=\/wp\/v2\/users\/1"}],"replies":[{"embeddable":true,"href":"https:\/\/www.fuldaernachrichten.de\/index.php?rest_route=%2Fwp%2Fv2%2Fcomments&post=151867"}],"version-history":[{"count":1,"href":"https:\/\/www.fuldaernachrichten.de\/index.php?rest_route=\/wp\/v2\/posts\/151867\/revisions"}],"predecessor-version":[{"id":151882,"href":"https:\/\/www.fuldaernachrichten.de\/index.php?rest_route=\/wp\/v2\/posts\/151867\/revisions\/151882"}],"wp:attachment":[{"href":"https:\/\/www.fuldaernachrichten.de\/index.php?rest_route=%2Fwp%2Fv2%2Fmedia&parent=151867"}],"wp:term":[{"taxonomy":"category","embeddable":true,"href":"https:\/\/www.fuldaernachrichten.de\/index.php?rest_route=%2Fwp%2Fv2%2Fcategories&post=151867"},{"taxonomy":"post_tag","embeddable":true,"href":"https:\/\/www.fuldaernachrichten.de\/index.php?rest_route=%2Fwp%2Fv2%2Ftags&post=151867"}],"curies":[{"name":"wp","href":"https:\/\/api.w.org\/{rel}","templated":true}]}}