{"id":151828,"date":"2016-06-03T08:57:21","date_gmt":"2016-06-03T06:57:21","guid":{"rendered":"http:\/\/www.fuldaer-nachrichten.de\/?p=151828"},"modified":"2016-11-08T14:11:33","modified_gmt":"2016-11-08T13:11:33","slug":"fussball-em-2016-welcher-star-traegt-was","status":"publish","type":"post","link":"https:\/\/www.fuldaernachrichten.de\/?p=151828","title":{"rendered":"Fu\u00dfball-EM 2016: welcher Star tr\u00e4gt was?"},"content":{"rendered":"<h1>Fu\u00dfball-EM 2016: welcher Star tr\u00e4gt was?<\/h1>\n<p>Die Planungen f\u00fcr die Fu\u00dfball EM 2016 sind abgeschlossen, die Kader der einzelnen Teams stehen. Nun hei\u00dft es warten auf den Anpfiff zum Er\u00f6ffnungsspiel, das am 10. Juni im Pariser Vorort Saint-Denis stattfindet. Insgesamt 24 Mannschafen nehmen am Turnier teil, so viele wie noch nie. Da jede Mannschaft einen eigenen Ausr\u00fcster hat, freut das vor allem die gro\u00dfen Sportartikelhersteller. Das deutsche Team tr\u00e4gt Trikots von adidas, ebenso wie 9 weitere Mannschaften. Die Schweiz wird vom Kontrahenten Puma eingekleidet, w\u00e4hrend Polen, Frankreich und 4 weitere Teams Trikots von Nike tragen. Anders sieht es bei den Schuhen aus \u2013 es gilt freie Schuhwahl, denn viele bekannte Spieler wie Mesut \u00d6zil oder Christiano Ronaldo haben Privatvertr\u00e4ge mit verschiedenen Ausr\u00fcstern. Die Modelle f\u00fcr die EM 2016 wurden bereits im November 2015 auf der englischsprachigen Webseite footyheadlines.com ver\u00f6ffentlicht; <a href=\"https:\/\/www.unisportstore.de\/\">viele davon sind bei Unisport zu finden<\/a>. Wir geben eine \u00dcbersicht, welche Stars was tragen.<\/p>\n<p><strong>Mesut \u00d6zil: Silver Adidas Ace 16 + PureControl<\/strong><br \/>\nMesut \u00d6zil steht <a href=\"http:\/\/www.welt.de\/sport\/fussball\/internationale-ligen\/article117936406\/Adidas-ruestet-Mesut-Oezil-mit-Rentenvertrag-aus.html\">seit 2013 bei adidas unter Vertrag<\/a>. Entsprechend wird er auch mit Fu\u00dfballschuhen der Marke \u00fcber den Rasen laufen \u2013 voraussichtlich in den Adidas Ace 16 + PureControls. Die Schuhe haben weder Schn\u00fcrsenkel noch Klettverschl\u00fcsse, sondern eine flache Oberfl\u00e4che, die beim Spielen weniger st\u00f6ren soll. Zudem m\u00fcssen die Schuhe laut Hersteller nicht lange eingetragen werden.<\/p>\n<p><strong>Christiano Ronaldo: Next-Gen Nike Mercurial Superfly<\/strong><br \/>\nDer portugiesische Nationalspieler Christiano Ronaldo bekommt \u2013 <a href=\"http:\/\/sportnet.at\/home\/fussball\/fussballlive\/4673103\/Fussball-Tag_Wie-Ronaldo-fast-seinen-Millionendeal-mit-Nike-verlor\">trotz einiger Kontroversen in der Vergangenheit<\/a> \u2013 weiterhin knapp 8,5 Millionen Euro pro Jahr von seinem Sponsor Nike. Was er daf\u00fcr unter anderem tun muss? Seine Tore mit Schuhen des Sportartikelherstellers schie\u00dfen. Bei der Euro wird er voraussichtlich die Next-Gen Nike Marcurial Superflys tragen, die mit einem besonders charakteristischen und buntem Design aufwarten.<\/p>\n<p><strong>Robert Lewandowski: Nike Hypervenom Phantom II2<\/strong><br \/>\nDer polnische Nationalspieler Robert Lewandowski steht ebenfalls bei Nike unter Vertrag. Der Nike Hypervenom Phantom II2 hat einen sehr hohen Schuhkragen, bei dem der Spieler das Gef\u00fchl hat, er trage Socken. Zudem besteht das Obermaterial aus einer 3D-Struktur.<\/p>\n<p><strong>Andres Iniesta: Nike Magista Opus<\/strong><br \/>\nDie Nike Magista Opus sehen im Gegensatz zu Next-Gen Nike Mercurial Superfly oder den Silver Ace 16 + PureControl von Adidas relativ schlicht aus. F\u00fcr den spanischen Mittelfeldspieler sind sie jedoch perfekt geeignet, da die konischen Stollen sich f\u00fcr eine optimale Traktion auf kurzem Gras eignen.<\/p>\n<p><strong>Gianluigi Buffon: evoPOWER Tricks<\/strong><br \/>\nDer italienische Torwart wird voraussichtlich in den evoPOWER Tricks die B\u00e4lle der gegnerischen Mannschaft abzufangen versuchen. Die Schuhe erm\u00f6glichen eine nat\u00fcrliche Fu\u00dfmechanik, und AccuFoam soll die Schussgenauigkeit verbessern.<\/p>\n<p><img decoding=\"async\" src=\"https:\/\/farm9.staticflickr.com\/8360\/8291792303_586897547a_z_d.jpg\" \/><br \/>\nBildrechte: Flickr <a href=\"https:\/\/www.flickr.com\/photos\/85217387@N04\/8291792303\/\" rel=\"nofollow\">Cristiano Ronaldo 18<\/a> <a href=\"https:\/\/www.flickr.com\/photos\/85217387@N04\/\" rel=\"nofollow\">Themeplus<\/a> CC BY-SA 2.0 <a href=\"https:\/\/creativecommons.org\/licenses\/by-sa\/2.0\/\" rel=\"nofollow\">Bestimmte Rechte vorbehalten<\/a><\/p>\n","protected":false},"excerpt":{"rendered":"<div class=\"tmnf_excerpt\"><p>Fu\u00dfball-EM 2016: welcher Star tr\u00e4gt was? Die Planungen f\u00fcr die Fu\u00dfball EM 2016 sind abgeschlossen, die Kader der einzelnen Teams stehen. Nun hei\u00dft es warten auf den Anpfiff zum Er\u00f6ffnungsspiel, das am 10. Juni im Pariser Vorort Saint-Denis stattfindet. Insgesamt 24 Mannschafen nehmen am Turnier teil, so viele wie noch nie. Da jede Mannschaft einen &hellip;<\/p>\n<\/div>","protected":false},"author":1,"featured_media":0,"comment_status":"closed","ping_status":"closed","sticky":false,"template":"","format":"standard","meta":{"footnotes":""},"categories":[46],"tags":[104,95,100],"class_list":["post-151828","post","type-post","status-publish","format-standard","hentry","category-sport","tag-akm","tag-besonders-lesenswert","tag-g"],"_links":{"self":[{"href":"https:\/\/www.fuldaernachrichten.de\/index.php?rest_route=\/wp\/v2\/posts\/151828","targetHints":{"allow":["GET"]}}],"collection":[{"href":"https:\/\/www.fuldaernachrichten.de\/index.php?rest_route=\/wp\/v2\/posts"}],"about":[{"href":"https:\/\/www.fuldaernachrichten.de\/index.php?rest_route=\/wp\/v2\/types\/post"}],"author":[{"embeddable":true,"href":"https:\/\/www.fuldaernachrichten.de\/index.php?rest_route=\/wp\/v2\/users\/1"}],"replies":[{"embeddable":true,"href":"https:\/\/www.fuldaernachrichten.de\/index.php?rest_route=%2Fwp%2Fv2%2Fcomments&post=151828"}],"version-history":[{"count":1,"href":"https:\/\/www.fuldaernachrichten.de\/index.php?rest_route=\/wp\/v2\/posts\/151828\/revisions"}],"predecessor-version":[{"id":151834,"href":"https:\/\/www.fuldaernachrichten.de\/index.php?rest_route=\/wp\/v2\/posts\/151828\/revisions\/151834"}],"wp:attachment":[{"href":"https:\/\/www.fuldaernachrichten.de\/index.php?rest_route=%2Fwp%2Fv2%2Fmedia&parent=151828"}],"wp:term":[{"taxonomy":"category","embeddable":true,"href":"https:\/\/www.fuldaernachrichten.de\/index.php?rest_route=%2Fwp%2Fv2%2Fcategories&post=151828"},{"taxonomy":"post_tag","embeddable":true,"href":"https:\/\/www.fuldaernachrichten.de\/index.php?rest_route=%2Fwp%2Fv2%2Ftags&post=151828"}],"curies":[{"name":"wp","href":"https:\/\/api.w.org\/{rel}","templated":true}]}}