{"id":151825,"date":"2016-06-03T08:53:59","date_gmt":"2016-06-03T06:53:59","guid":{"rendered":"http:\/\/www.fuldaer-nachrichten.de\/?p=151825"},"modified":"2016-06-03T08:53:59","modified_gmt":"2016-06-03T06:53:59","slug":"konferenz-frauen-im-islam-zwischen-emanzipation-und-radikalisierung","status":"publish","type":"post","link":"https:\/\/www.fuldaernachrichten.de\/?p=151825","title":{"rendered":"Konferenz: \u201eFrauen im Islam \u2013 zwischen Emanzipation und Radikalisierung\u201c"},"content":{"rendered":"<p>Der Hessische Innenminister Peter Beuth hat anl\u00e4sslich der Er\u00f6ffnung der Fachtagung \u201eFrauen im Islam \u2013 zwischen Emanzipation und Radikalisierung\u201c ein Gru\u00dfwort gesprochen. Ausgerichtet wird der zweit\u00e4gige Kongress vom Hessischen Landeskriminalamt, der Goethe-Universit\u00e4t Frankfurt am Main sowie dem Frankfurter Forschungszentrum Globaler Islam vom 2. bis 3. Juni 2016 im Landeshaus Wiesbaden. \u201eDas Selbstverst\u00e4ndnis des Islams in Deutschland ist seit der Ankunft von rund einer Million Fl\u00fcchtlinge \u2013 die \u00fcberwiegend muslimischen Glaubens sind \u2013 auf besondere Weise in den Fokus des \u00f6ffentlichen Interesses ger\u00fcckt worden. Die hochkar\u00e4tig besetzte Konferenz wird sich mit der Frage besch\u00e4ftigen, wie die Rolle von Frauen im Islam charakterisiert ist\u201c, sagte der Innenminister.<\/p>\n<p>Mehr als vier Millionen Muslime in Deutschland \u00fcbten ihre Religion friedlich und in Einklang mit den Gesetzen der Bundesrepublik aus. Der Minister warnte davor, den Fl\u00fcchtlingsstrom oder islamistisch motivierte Anschl\u00e4ge in Europa als Anlass zu nehmen, Menschen alleine aufgrund ihrer Religion zu diskriminieren. \u201eWir werden keinerlei Hetze gegen Schutzsuchende dulden und es niemals akzeptzieren, dass Muslime aufgrund ihres Glaubens ausgegrenzt werden. Es ist aber ebenso wichtig, dass sich die islamische Gemeinschaft in der Bundesrepublik immer wieder entschlossen gegen die Verbreitung von fundamentalistischem Gedankengut stellt und die djihadistische Schreckensherrschaft des Islamistischen Staates verurteilt\u201c, so Beuth.<\/p>\n<p>Der Gro\u00dfteil der in Deutschland lebenden Muslima verstehe es, ihren Glauben mit der westlichen Gesellschaft konfliktfrei zu leben. Auf der anderen Seite gebe es aber auch im Namen der Religion Gewalt gegen Frauen bis hin zu sogenannten \u201eEhrenmorden\u201c sowie Anpassungs- und Integrationsschwierigkeiten. \u201eMuslimische M\u00e4nner k\u00f6nnen sich in Deutschland und Hessen nicht auf ihren Glauben berufen, wenn sie die Gleichheit von Mann und Frau anzweifeln. Gleichheit und Gleichberechtigung sind elementare Bestandteile unserer Werteordnung, weshalb unsere Gemeinschaft die Unterdr\u00fcckung von Frauenrechten wie auch die Unterordnung der Frau \u2013 ganz egal ob im Namen Gottes oder der Ehre \u2013 niemals akzeptieren darf\u201c, unterstrich Peter Beuth. Die hessische Polizei verf\u00fcge \u00fcber ein umfassendes Opferschutzkonzept. Seit 2009 sind in allen Pr\u00e4sidien Opferschutzbeauftragte und Opferschutzkoordinatoren t\u00e4tig. Diese sind darauf spezialisiert, Ma\u00dfnahmen des polizeilichen Opferschutzes bei herausragenden F\u00e4llen zu koordinieren, die Sachbearbeitung und den Streifendienst in diesem Zusammenhang zu unterst\u00fctzen sowie die Zusammenarbeit zwischen Opferhilfeeinrichtungen, der hessischen Polizei sowie anderen Beh\u00f6rden und Institutionen zu f\u00f6rdern.<\/p>\n<p>Junge Frauen, die in Deutschland geboren und sozialisiert wurden, lie\u00dfen sich zum Teil von salafistischen Ideologien beeinflussen und radikalisieren. \u201eUnser Ziel ist es, Radikalisierungsprozesse sehr fr\u00fchzeitig zu erkennen bzw. durch Workshops etwa zur pluralistischen Gesellschaft, zu Identit\u00e4t und Ideologien gar nicht erst entstehen zu lassen. Das Pr\u00e4ventions- und Interventionsangebot unserer Partner beim Violence Prevention Network wurde deshalb auch auf weibliche Radikalisierte ausgeweitet\u201c, erl\u00e4uterte der Innenminister. Etwa ein F\u00fcnftel der rund 130 aus Hessen in Richtung Syrien oder Irak gereisten Personen ist weiblich (weitere Informationen zu Radikalisierungshintergr\u00fcnden finden sich hier: https:\/\/innen.hessen.de\/presse\/pressemittei lung\/keine-entwarnung-bei-salafistischer-radikalisierung).<\/p>\n<p>Hessen verfolgt beim Thema Extremismuspr\u00e4vention einen ganzheitlichen Ansatz. F\u00fcr das Landesprogramm \u201eHessen \u2013 aktiv f\u00fcr Demokratie und gegen Extremismus\u201c sind im Haushaltsjahr 2016 Mittel von insgesamt 3,8 Millionen Euro hinterlegt. Es hat das Ziel, verst\u00e4rkt Pr\u00e4ventionsma\u00dfnahmen in allen Ph\u00e4nomenbereichen (Links- und Rechtsextremismus sowie Islamistischer Extremismus) durchzuf\u00fchren, um zu verhindern, dass Menschen in den Extremismus abdriften. \u201eIm Falle einer Radikalisierung muss fr\u00fchzeitig interveniert werden und auch das pers\u00f6nliche Umfeld beim Umgang mit dieser schwierigen Situationen unterst\u00fctzt werden\u201c, unterstrich der Minister.<\/p>\n<p>Innerhalb des Pr\u00e4ventionsprogramms stehen f\u00fcr den Bereich Ma\u00dfnahmen im Kontext Islamismus Mittel in H\u00f6he von 1,2 Millionen Euro zur Verf\u00fcgung. Mit dem Geld wird die \u201eBeratungsstelle Hessen \u2013 Religi\u00f6se Toleranz statt Extremismus\u201c gef\u00f6rdert, die sich in Tr\u00e4gerschaft des Violence Prevention Network befindet. VPN ist ein Verbund erfahrener Fachkr\u00e4fte, die seit Jahren in der Extremismuspr\u00e4vention sowie der Deradikalisierung extremistisch motivierter Gewaltt\u00e4ter t\u00e4tig sind. Im Rahmen des Hessischen Pr\u00e4ventionsnetzwerks gegen Salafismus arbeiten die Experten landesweit mit jungen Menschen und ihren Angeh\u00f6rigen zusammen, um eine islamistische Radikalisierung zu verhindern. Bisher wurden 90 Radikalisierte bzw. Gef\u00e4hrdete und \u00fcber 100 Angeh\u00f6rige beraten. Zudem f\u00fchrte VPN bereits 92 an hessischen Schulen durch.<\/p>\n","protected":false},"excerpt":{"rendered":"<div class=\"tmnf_excerpt\"><p>Der Hessische Innenminister Peter Beuth hat anl\u00e4sslich der Er\u00f6ffnung der Fachtagung \u201eFrauen im Islam \u2013 zwischen Emanzipation und Radikalisierung\u201c ein Gru\u00dfwort gesprochen. Ausgerichtet wird der zweit\u00e4gige Kongress vom Hessischen Landeskriminalamt, der Goethe-Universit\u00e4t Frankfurt am Main sowie dem Frankfurter Forschungszentrum Globaler Islam vom 2. bis 3. Juni 2016 im Landeshaus Wiesbaden. \u201eDas Selbstverst\u00e4ndnis des Islams in &hellip;<\/p>\n<\/div>","protected":false},"author":1,"featured_media":0,"comment_status":"closed","ping_status":"closed","sticky":false,"template":"","format":"standard","meta":{"footnotes":""},"categories":[1],"tags":[],"class_list":["post-151825","post","type-post","status-publish","format-standard","hentry","category-startseite"],"_links":{"self":[{"href":"https:\/\/www.fuldaernachrichten.de\/index.php?rest_route=\/wp\/v2\/posts\/151825","targetHints":{"allow":["GET"]}}],"collection":[{"href":"https:\/\/www.fuldaernachrichten.de\/index.php?rest_route=\/wp\/v2\/posts"}],"about":[{"href":"https:\/\/www.fuldaernachrichten.de\/index.php?rest_route=\/wp\/v2\/types\/post"}],"author":[{"embeddable":true,"href":"https:\/\/www.fuldaernachrichten.de\/index.php?rest_route=\/wp\/v2\/users\/1"}],"replies":[{"embeddable":true,"href":"https:\/\/www.fuldaernachrichten.de\/index.php?rest_route=%2Fwp%2Fv2%2Fcomments&post=151825"}],"version-history":[{"count":1,"href":"https:\/\/www.fuldaernachrichten.de\/index.php?rest_route=\/wp\/v2\/posts\/151825\/revisions"}],"predecessor-version":[{"id":151826,"href":"https:\/\/www.fuldaernachrichten.de\/index.php?rest_route=\/wp\/v2\/posts\/151825\/revisions\/151826"}],"wp:attachment":[{"href":"https:\/\/www.fuldaernachrichten.de\/index.php?rest_route=%2Fwp%2Fv2%2Fmedia&parent=151825"}],"wp:term":[{"taxonomy":"category","embeddable":true,"href":"https:\/\/www.fuldaernachrichten.de\/index.php?rest_route=%2Fwp%2Fv2%2Fcategories&post=151825"},{"taxonomy":"post_tag","embeddable":true,"href":"https:\/\/www.fuldaernachrichten.de\/index.php?rest_route=%2Fwp%2Fv2%2Ftags&post=151825"}],"curies":[{"name":"wp","href":"https:\/\/api.w.org\/{rel}","templated":true}]}}