{"id":15180,"date":"2008-12-01T00:05:17","date_gmt":"2008-11-30T23:05:17","guid":{"rendered":"http:\/\/www.schoene-nachrichten.de\/?p=15180"},"modified":"2008-11-30T21:52:27","modified_gmt":"2008-11-30T20:52:27","slug":"umweltministerium-foerdert-klimaneutralitaet-bei-drei-nordhessischen-kommunen","status":"publish","type":"post","link":"https:\/\/www.fuldaernachrichten.de\/?p=15180","title":{"rendered":"Umweltministerium f\u00f6rdert Klimaneutralit\u00e4t bei drei nordhessischen Kommunen"},"content":{"rendered":"<p><strong>Wiesbaden.<\/strong> Hessen liegt bei klimaneutralen Aktivit\u00e4ten der Bundesl\u00e4nder vorne. Nachdem bereits mit bekannten Unternehmen wie Neckermann, der Telekom und der Post\/DHL klimaneutrale Produkte entwickelt wurden geht Hessen jetzt einen Schritt weiter. In der Modellregion Nordhessen entsteht in Baunatal ein klimaneutrales Baugebiet und in der Stadt Kassel eine klimaneutrale Fabrikationshalle von \u00fcber 20.000 m2 zur Herstellung von Wechselrichtern. Die Ergebnisse dieser Aktivit\u00e4ten m\u00fcnden jetzt in dem neuen Modellprojekt f\u00fcr eine \u201eKlimaneutrale Kommune\u201c.<!--more--><strong><br \/>\n<\/strong><\/p>\n<p><strong>60.000\u00e2\u201a\u00ac F\u00f6rdergelder<\/strong><br \/>\nMit dem Modellprojekt \u201eStrategien von Kommunen zur Erreichung von Klimaneutralit\u00e4t\u201c sollen am Beispiel der drei nordhessischen Kommunen Wolfhagen, Lichtenfels und Eschwege Strategien hierf\u00fcr entwickelt werden, so der Staatssekret\u00e4r im Umweltministerium Karl-Winfried Seif bei der Bekanntgabe des F\u00f6rderbescheids an die gemeinn\u00fctzige deENet GmbH, Kassel. Mit rund 60.000 \u00e2\u201a\u00ac f\u00f6rdert das Hessische Ministerium f\u00fcr Umwelt, l\u00e4ndlichen Raum und Verbraucherschutz dieses Modellprojekt, das anschlie\u00dfend auf andere klimabewusste hessische Kommunen \u00fcbertragen werden soll.<\/p>\n<p>Die teilnehmenden Kommunen haben sich durch ihr Engagement und ihre Bereitschaft, zukunftsweisende klimapolitische Weichenstellungen vorzunehmen, bereits hervorgetan. Durch die Kooperation verschiedener Handlungstr\u00e4ger aus\u00c2\u00a0 Wirtschaft, Politik und B\u00fcrgergruppen kann das bestehende Potenzial hervorragend genutzt werden. Hierdurch wird auf kommunaler Ebene eine starke Dynamik im Hinblick auf einen klimaeffizienten Energieeinsatz und die st\u00e4rkere Nutzung von Erneuerbaren Energien erm\u00f6glicht. Dabei soll auch der Einsatz von freiwilligen Ma\u00dfnahmen zur Kompensation mit Klimazertifikaten zum Beispiel im Verkehrsbereich \u00fcberpr\u00fcft werden.<\/p>\n<p><strong>Ziel ist Klimaneutralit\u00e4t<\/strong><br \/>\nDas Ziel dieses Modellprojekts ist es, Strategien und Handlungsleitlinien zu entwickeln, um die klimarelevanten Gase durch Einsparma\u00dfnahmen, Steigerung der Energieeffizienz, der Erh\u00f6hung des Einsatzes von Erneuerbaren Energien und Kompensation mit Klimazertifikaten lokal und global zu reduzieren. \u201eDie dann noch anfallenden und nicht weiter vermeidbaren Emissionen an klimarelevanten Gasen werden durch zertifizierte Ma\u00dfnahmen an anderer Stelle ausgeglichen\u201c, erkl\u00e4rt Karl-Winfried Seif. Schlie\u00dflich soll nach Umsetzung der Ma\u00dfnahmen die Kommune klimaneutral sein.<\/p>\n<p>\u201eDieses Modellprojekt\u00c2\u00a0 ist ein wichtiger Schritt zur Erprobung und Weiterentwicklung aller zur Verf\u00fcgung stehenden M\u00f6glichkeiten f\u00fcr einen umfassenden Klimaschutz in den hessischen Kommunen\u201c, so der Staatssekret\u00e4r.<\/p>\n<p>Zur Erl\u00e4uterung: Treibhausgase haben eine globale Sch\u00e4digungswirkung; f\u00fcr den Klimaschutz ist es somit irrelevant, an welchem Ort Emissionen entstehen bzw. vermieden werden. Klimaneutralit\u00e4t entsteht, wenn unvermeidbare Emissionen an Ort A durch die Initiierung zus\u00e4tzlicher Klimaschutzprojekte an Ort B kompensiert und damit \u201eklimaneutralisiert\u201c werden. Unter Anwendung dieses Prinzips k\u00f6nnen Produkte, Dienstleistungen, Unternehmen und auch Kommunen klimaneutral gestellt werden.<\/p>\n","protected":false},"excerpt":{"rendered":"<div class=\"tmnf_excerpt\"><p>Wiesbaden. Hessen liegt bei klimaneutralen Aktivit\u00e4ten der Bundesl\u00e4nder vorne. Nachdem bereits mit bekannten Unternehmen wie Neckermann, der Telekom und der Post\/DHL klimaneutrale Produkte entwickelt wurden geht Hessen jetzt einen Schritt weiter. In der Modellregion Nordhessen entsteht in Baunatal ein klimaneutrales Baugebiet und in der Stadt Kassel eine klimaneutrale Fabrikationshalle von \u00fcber 20.000 m2 zur Herstellung &hellip;<\/p>\n<\/div>","protected":false},"author":1,"featured_media":0,"comment_status":"closed","ping_status":"closed","sticky":false,"template":"","format":"standard","meta":{"footnotes":""},"categories":[1,29,52],"tags":[],"class_list":["post-15180","post","type-post","status-publish","format-standard","hentry","category-startseite","category-politik","category-umwelt"],"_links":{"self":[{"href":"https:\/\/www.fuldaernachrichten.de\/index.php?rest_route=\/wp\/v2\/posts\/15180","targetHints":{"allow":["GET"]}}],"collection":[{"href":"https:\/\/www.fuldaernachrichten.de\/index.php?rest_route=\/wp\/v2\/posts"}],"about":[{"href":"https:\/\/www.fuldaernachrichten.de\/index.php?rest_route=\/wp\/v2\/types\/post"}],"author":[{"embeddable":true,"href":"https:\/\/www.fuldaernachrichten.de\/index.php?rest_route=\/wp\/v2\/users\/1"}],"replies":[{"embeddable":true,"href":"https:\/\/www.fuldaernachrichten.de\/index.php?rest_route=%2Fwp%2Fv2%2Fcomments&post=15180"}],"version-history":[{"count":2,"href":"https:\/\/www.fuldaernachrichten.de\/index.php?rest_route=\/wp\/v2\/posts\/15180\/revisions"}],"predecessor-version":[{"id":15182,"href":"https:\/\/www.fuldaernachrichten.de\/index.php?rest_route=\/wp\/v2\/posts\/15180\/revisions\/15182"}],"wp:attachment":[{"href":"https:\/\/www.fuldaernachrichten.de\/index.php?rest_route=%2Fwp%2Fv2%2Fmedia&parent=15180"}],"wp:term":[{"taxonomy":"category","embeddable":true,"href":"https:\/\/www.fuldaernachrichten.de\/index.php?rest_route=%2Fwp%2Fv2%2Fcategories&post=15180"},{"taxonomy":"post_tag","embeddable":true,"href":"https:\/\/www.fuldaernachrichten.de\/index.php?rest_route=%2Fwp%2Fv2%2Ftags&post=15180"}],"curies":[{"name":"wp","href":"https:\/\/api.w.org\/{rel}","templated":true}]}}