{"id":151748,"date":"2016-06-01T10:24:22","date_gmt":"2016-06-01T08:24:22","guid":{"rendered":"http:\/\/www.fuldaer-nachrichten.de\/?p=151748"},"modified":"2016-06-01T10:24:22","modified_gmt":"2016-06-01T08:24:22","slug":"bergmaehwiesenfest-am-sonntag-dem-12-juni","status":"publish","type":"post","link":"https:\/\/www.fuldaernachrichten.de\/?p=151748","title":{"rendered":"Bergm\u00e4hwiesenfest am Sonntag, dem 12. Juni"},"content":{"rendered":"<p>Am Sonntag, dem 12. Juni, findet das dritte Bergm\u00e4hwiesenfest statt. B\u00fcrgerinnen und B\u00fcrger sind herzlich eingeladen, zwischen 11 und 17 Uhr in die L\u00fcderaue nach Grebenhain-Crainfeld zu kommen. Dies teilt Landrat Manfred G\u00f6rig in einer Pressemitteilung mit.<\/p>\n<p>Gezeigt werden Besonderheiten des Lebensraums Bergm\u00e4hwiese, typische Nutztierrassen und renaturierte Altarmschlingen. Toben im Heu und Produkte aus landwirtschaftlicher Direktvermarktung runden das Angebot f\u00fcr Familien und Fachpublikum ab.<\/p>\n<p>Die Bergm\u00e4hwiese ist ein pr\u00e4gender Bestandteil der Kulturlandschaft der H\u00f6henlagen des Vogelsberges die durch regelm\u00e4\u00dfige Mahd und Beweidung entstanden ist. Die lebensraumtypische Artenvielfalt wird w\u00e4hrend der Hauptbl\u00fcte ab ca. Anfang \/ Mitte Juni auch f\u00fcr den Laien erlebbar. Ziel der Veranstaltung ist es, den Lebensraum Bergm\u00e4hwiese als Bestandteil der Kulturlandschaft bekannter zu machen und durch die F\u00f6rderung einer sinnvollen Bewirtschaftung f\u00fcr die Zukunft zu bewahren. Die gezeigten Wiesen geh\u00f6ren zum europ\u00e4ischen Schutzgebietsnetz Natura 2000 mit einem Projekt zum Schutz der bodenbr\u00fctenden V\u00f6gel.<\/p>\n<p>Umfangreiches Programm<\/p>\n<p>Vom Amt f\u00fcr den L\u00e4ndlichen Raum und Daseinsvorsorge des Vogelsbergkreises ist ein umf\u00e4ngliches Programm mit vielen Fachkundef\u00fchrungen zu Flora und Fauna der Bergm\u00e4hwiesen zusammengestellt worden.<\/p>\n<p>Neben Produkten von Direktvermarktern werden zahlreiche, zum Teil selten gewordene Nutztiere wie das Vogelsberger H\u00f6henvieh, Schaf- und Ziegenrassen sowie Wasserb\u00fcffel gezeigt. Die obligatorische \u201eH\u00fcpfburg f\u00fcr Kinder\u201c wird als Variante \u201eToben im Heu\u201c angeboten.<br \/>\nWeitere Akteure des Festes werden das Amt f\u00fcr Bodenmanagement, der Naturschutzbund (NABU), das Naturschutz Gro\u00dfprojekt Vogelsberg sowie die Universit\u00e4t Marburg mit einem Arnikaprojekt sein. Zudem wird Gro\u00dftechnik zur Heckenpflege gezeigt \u2013 die Hecken sind ein \u00f6kologisch wichtiger und gliedernder Bestandteil der M\u00e4hwiesenlandschaften des Vogelsberges. F\u00fcr die Bewirtung mit regionalen Produkten wird gesorgt.<\/p>\n<p>\u201eN\u00e4he ist gut\u201c &#8211; Neue Impulse f\u00fcr die Vermarktung landwirtschaftlicher Erzeugnisse<\/p>\n<p>Der massive Preis-Druck auf die Landwirtschaft bedroht nicht zuletzt auch diesen Wiesentyp. Die F\u00f6rderma\u00dfnahmen des Landes Hessen allein reichen nicht aus um diesen wertvollen Bestandteil unserer Kulturlandschaft dauerhaft zu sichern, betont Landrat G\u00f6rig. Deshalb habe man sich entschlossen gemeinsam mit der Nachhaltigkeitsinitiative \u201eN\u00e4he ist gut\u201c neue Wege zu gehen. Das Informieren einer breiteren \u00d6ffentlichkeit mittels moderner, interaktiver Medien spiele eine zentrale Rolle f\u00fcr den Erhalt der Bergm\u00e4hwiesen und die Vermarktung landwirtschaftlicher und anderer Produkte, die aus diesem einzigartigen Naturraum stammen, so der Landrat. Es freue ihn ausdr\u00fccklich mit der Nachhaltigkeitsinitiative einen starken Partner zur Unterst\u00fctzung des Vogelsbergs gefunden zu haben.<\/p>\n<p>\u201eN\u00e4he ist gut\u201c setzt sich f\u00fcr den Erhalt der Bergm\u00e4hwiesen ein<\/p>\n<p>\u201eN\u00e4he ist gut\u201c ist eine Nachhaltigkeitsinitiative von Schw\u00e4lbchen, Hassia, REWE und Licher, die sich f\u00fcr \u00f6kologisch, sozial und wirtschaftlich relevante Themen in Hessen einsetzt. Ab Juni 2016 wird sich \u201eN\u00e4he ist gut\u201c f\u00fcr den Erhalt der Bergm\u00e4hwiesen im Vogelsberg engagieren. Informationsveranstaltungen in Superm\u00e4rkten, Pressearbeit, eine neue Internetseite, Informationsstelen an den Bergm\u00e4hwiesen vor Ort mit QR-Code und Social Media-Aktivit\u00e4ten sollen ein \u00f6ffentliches Bewusstsein f\u00fcr den hohen Wert der Bergm\u00e4hwiesen, deren Bedrohung und die Notwendigkeit der aktiven Unterst\u00fctzung der Region schaffen. Zudem soll gemeinsam herausgearbeitet werden, wie \u201eN\u00e4he ist gut\u201c den Absatz von Produkten und somit die Region unterst\u00fctzen kann.<\/p>\n","protected":false},"excerpt":{"rendered":"<div class=\"tmnf_excerpt\"><p>Am Sonntag, dem 12. Juni, findet das dritte Bergm\u00e4hwiesenfest statt. B\u00fcrgerinnen und B\u00fcrger sind herzlich eingeladen, zwischen 11 und 17 Uhr in die L\u00fcderaue nach Grebenhain-Crainfeld zu kommen. Dies teilt Landrat Manfred G\u00f6rig in einer Pressemitteilung mit. Gezeigt werden Besonderheiten des Lebensraums Bergm\u00e4hwiese, typische Nutztierrassen und renaturierte Altarmschlingen. Toben im Heu und Produkte aus landwirtschaftlicher &hellip;<\/p>\n<\/div>","protected":false},"author":1,"featured_media":151751,"comment_status":"closed","ping_status":"closed","sticky":false,"template":"","format":"standard","meta":{"footnotes":""},"categories":[1],"tags":[],"class_list":["post-151748","post","type-post","status-publish","format-standard","has-post-thumbnail","hentry","category-startseite"],"_links":{"self":[{"href":"https:\/\/www.fuldaernachrichten.de\/index.php?rest_route=\/wp\/v2\/posts\/151748","targetHints":{"allow":["GET"]}}],"collection":[{"href":"https:\/\/www.fuldaernachrichten.de\/index.php?rest_route=\/wp\/v2\/posts"}],"about":[{"href":"https:\/\/www.fuldaernachrichten.de\/index.php?rest_route=\/wp\/v2\/types\/post"}],"author":[{"embeddable":true,"href":"https:\/\/www.fuldaernachrichten.de\/index.php?rest_route=\/wp\/v2\/users\/1"}],"replies":[{"embeddable":true,"href":"https:\/\/www.fuldaernachrichten.de\/index.php?rest_route=%2Fwp%2Fv2%2Fcomments&post=151748"}],"version-history":[{"count":1,"href":"https:\/\/www.fuldaernachrichten.de\/index.php?rest_route=\/wp\/v2\/posts\/151748\/revisions"}],"predecessor-version":[{"id":151752,"href":"https:\/\/www.fuldaernachrichten.de\/index.php?rest_route=\/wp\/v2\/posts\/151748\/revisions\/151752"}],"wp:featuredmedia":[{"embeddable":true,"href":"https:\/\/www.fuldaernachrichten.de\/index.php?rest_route=\/wp\/v2\/media\/151751"}],"wp:attachment":[{"href":"https:\/\/www.fuldaernachrichten.de\/index.php?rest_route=%2Fwp%2Fv2%2Fmedia&parent=151748"}],"wp:term":[{"taxonomy":"category","embeddable":true,"href":"https:\/\/www.fuldaernachrichten.de\/index.php?rest_route=%2Fwp%2Fv2%2Fcategories&post=151748"},{"taxonomy":"post_tag","embeddable":true,"href":"https:\/\/www.fuldaernachrichten.de\/index.php?rest_route=%2Fwp%2Fv2%2Ftags&post=151748"}],"curies":[{"name":"wp","href":"https:\/\/api.w.org\/{rel}","templated":true}]}}