{"id":151744,"date":"2016-06-01T10:23:36","date_gmt":"2016-06-01T08:23:36","guid":{"rendered":"http:\/\/www.fuldaer-nachrichten.de\/?p=151744"},"modified":"2016-06-01T10:23:36","modified_gmt":"2016-06-01T08:23:36","slug":"landrat-goerig-verabschiedete-elli-jungk-in-den-ruhestand-fast-50-jahre-im-dienst-des-kreisbauamts","status":"publish","type":"post","link":"https:\/\/www.fuldaernachrichten.de\/?p=151744","title":{"rendered":"Landrat G\u00f6rig verabschiedete Elli Jungk in den Ruhestand \u2013 fast 50 Jahre im Dienst des Kreisbauamts"},"content":{"rendered":"<p>\u201eIch habe noch als Anlernling beim Landkreis Alsfeld begonnen\u201c, erz\u00e4hlt Elli Jungk, die danach fast 50 Jahre in den Diensten des Kreisbauamtes gestanden hatte. Die Angenr\u00f6derin wurde beim Landkreis Alsfeld in der Finanz- und Schulabteilung eingesetzt, bevor sie in den zentralen Schreibdienst und schlie\u00dflich in das Gesch\u00e4ftszimmer des Kreisbauamtes wechselte. In einer kleinen Feierstunde wurde sie von Landrat Manfred G\u00f6rig mit herzlichem Dank und den besten W\u00fcnschen in den Ruhestand verabschiedet. Er dankte f\u00fcr die jahrzehntelange engagierte Arbeit und sprach Frau Jungk seinen Dank und Hochachtung sowie die besten W\u00fcnsche f\u00fcr den neuen Lebensabschnitt aus.<\/p>\n<p>Bis zuletzt war Elli Jungk im Gesch\u00e4ftszimmer des Bauamts mit der Registrierung von Bauantr\u00e4gen, mit Schriftverkehr und dem Erstellen von Baugenehmigungen befasst \u2013 \u201eimmer freundlich und offen, auf sie konnte man sich jederzeit verlassen\u201c, lobte Amtsleiter Bernhard Hofmann. Sie habe f\u00fcr eine positive Wahrnehmung nach Au\u00dfen gesorgt und hinterlasse mit ihrem Weggang eine L\u00fccke. Ulrich Sch\u00e4fer und Christa Wiese (Haupt- und Personalamt), Anja Kreuder (Personalrat) und Frauenbeauftragte Conny Hentz-D\u00f6ring schlossen sich an und w\u00fcnschten der Ruhest\u00e4ndlerin viel Gesundheit, viele gute Ideen und Spa\u00df f\u00fcr den neuen Lebensabschnitt. Konkrete Pl\u00e4ne habe sie keine, sie lasse das auf sich zukommen, \u201ees wird mir schon nicht langweilig werden\u201c.<\/p>\n","protected":false},"excerpt":{"rendered":"<div class=\"tmnf_excerpt\"><p>\u201eIch habe noch als Anlernling beim Landkreis Alsfeld begonnen\u201c, erz\u00e4hlt Elli Jungk, die danach fast 50 Jahre in den Diensten des Kreisbauamtes gestanden hatte. Die Angenr\u00f6derin wurde beim Landkreis Alsfeld in der Finanz- und Schulabteilung eingesetzt, bevor sie in den zentralen Schreibdienst und schlie\u00dflich in das Gesch\u00e4ftszimmer des Kreisbauamtes wechselte. In einer kleinen Feierstunde wurde &hellip;<\/p>\n<\/div>","protected":false},"author":1,"featured_media":151749,"comment_status":"closed","ping_status":"closed","sticky":false,"template":"","format":"standard","meta":{"footnotes":""},"categories":[1],"tags":[],"class_list":["post-151744","post","type-post","status-publish","format-standard","has-post-thumbnail","hentry","category-startseite"],"_links":{"self":[{"href":"https:\/\/www.fuldaernachrichten.de\/index.php?rest_route=\/wp\/v2\/posts\/151744","targetHints":{"allow":["GET"]}}],"collection":[{"href":"https:\/\/www.fuldaernachrichten.de\/index.php?rest_route=\/wp\/v2\/posts"}],"about":[{"href":"https:\/\/www.fuldaernachrichten.de\/index.php?rest_route=\/wp\/v2\/types\/post"}],"author":[{"embeddable":true,"href":"https:\/\/www.fuldaernachrichten.de\/index.php?rest_route=\/wp\/v2\/users\/1"}],"replies":[{"embeddable":true,"href":"https:\/\/www.fuldaernachrichten.de\/index.php?rest_route=%2Fwp%2Fv2%2Fcomments&post=151744"}],"version-history":[{"count":1,"href":"https:\/\/www.fuldaernachrichten.de\/index.php?rest_route=\/wp\/v2\/posts\/151744\/revisions"}],"predecessor-version":[{"id":151750,"href":"https:\/\/www.fuldaernachrichten.de\/index.php?rest_route=\/wp\/v2\/posts\/151744\/revisions\/151750"}],"wp:featuredmedia":[{"embeddable":true,"href":"https:\/\/www.fuldaernachrichten.de\/index.php?rest_route=\/wp\/v2\/media\/151749"}],"wp:attachment":[{"href":"https:\/\/www.fuldaernachrichten.de\/index.php?rest_route=%2Fwp%2Fv2%2Fmedia&parent=151744"}],"wp:term":[{"taxonomy":"category","embeddable":true,"href":"https:\/\/www.fuldaernachrichten.de\/index.php?rest_route=%2Fwp%2Fv2%2Fcategories&post=151744"},{"taxonomy":"post_tag","embeddable":true,"href":"https:\/\/www.fuldaernachrichten.de\/index.php?rest_route=%2Fwp%2Fv2%2Ftags&post=151744"}],"curies":[{"name":"wp","href":"https:\/\/api.w.org\/{rel}","templated":true}]}}