{"id":151715,"date":"2016-06-01T10:14:29","date_gmt":"2016-06-01T08:14:29","guid":{"rendered":"http:\/\/www.fuldaer-nachrichten.de\/?p=151715"},"modified":"2016-06-01T10:14:29","modified_gmt":"2016-06-01T08:14:29","slug":"biblis-kommt-dem-steuerzahler-teuer-zu-stehen","status":"publish","type":"post","link":"https:\/\/www.fuldaernachrichten.de\/?p=151715","title":{"rendered":"Biblis kommt dem Steuerzahler teuer zu stehen"},"content":{"rendered":"<p>Der Untersuchungsausschuss zur Stilllegung des Atomkraftwerkes hat seinen Abschlussbericht vorgelegt. Dazu erkl\u00e4rt die Landtagsabgeordnete Sabine Waschke (SPD): \u201eDie Anordnungen zur dreimonatigen Stilllegung des Atomkraftwerks Biblis durch Ministerin Lucia Puttrich (M\u00e4rz 2011) hat der Hessische Verwaltungsgerichtshof im Februar 2013 als rechtswidrig erkl\u00e4rt. Das Bundesverwaltungsgericht best\u00e4tigt die rechtswidrige Entscheidung des Hessischen Ministeriums f\u00fcr Umwelt, Energie, Landwirtschaft und Verbraucherschutz.\u201c<\/p>\n<p>Die volle Verantwortung f\u00fcr die gesetzwidrige Anordnung tragen nach Meinung der SPD-Abgeordneten Ministerin Lucia Puttrich und Ministerpr\u00e4sident Volker Bouffier. Waschke findet es verwerflich, dass Puttrich und Bouffier die gesamte Schuld auf die weisungsabh\u00e4ngigen Mitarbeiter abw\u00e4lzen wollen. Dabei ist die Entscheidung in der Hausspitze des Umweltministeriums getroffen worden.<\/p>\n<p>Mit der Entscheidung der Gerichte haben Ministerin Lucia Puttrich und Ministerpr\u00e4sident Volker Bouffier dem Energiekonzern RWE die M\u00f6glichkeit er\u00f6ffnet, das Land Hessen auf Schadenersatz zu verklagen, erkl\u00e4rt die SPD-Abgeordnete. Es ist eine Klage anh\u00e4ngig von RWE als Betreiber in H\u00f6he von 235 Millionen Euro. \u201eWieviel dem hessischen Steuerzahler die Fehlentscheidung von Puttrich und Bouffier letztlich kosten wird, werden die zust\u00e4ndigen Gerichte feststellen.\u201c<br \/>\nDurch die verlorenen Prozesse ist dem hessischen Steuerzahler schon heute ein Schaden in H\u00f6he von rund drei Millionen Euro f\u00fcr Gerichts- und Anwaltskosten entstanden, betont Waschke und f\u00fcgt hinzu: \u201eHierf\u00fcr tr\u00e4gt Staatsministerin Puttrich die alleinige Verantwortung!\u201c<\/p>\n<p>Die SPD-Politikerin r\u00e4umt ein: \u201eNach den katastrophalen Ereignissen in Fukushima wollten wir als Sozialdemokraten auch eine schnelle Abschaltung alter Atomkraftwerke. Das sollte aber auf einem rechtsstaatlich einwandfreien Weg durch ein sogenanntes Abschaltgesetz geschehen und nicht durch eine haarstr\u00e4ubend rechtswidrige Stilllegungsverf\u00fcgung, f\u00fcr die der Steuerzahler nun in unversch\u00e4mter Weise haften muss.\u201c<\/p>\n","protected":false},"excerpt":{"rendered":"<div class=\"tmnf_excerpt\"><p>Der Untersuchungsausschuss zur Stilllegung des Atomkraftwerkes hat seinen Abschlussbericht vorgelegt. Dazu erkl\u00e4rt die Landtagsabgeordnete Sabine Waschke (SPD): \u201eDie Anordnungen zur dreimonatigen Stilllegung des Atomkraftwerks Biblis durch Ministerin Lucia Puttrich (M\u00e4rz 2011) hat der Hessische Verwaltungsgerichtshof im Februar 2013 als rechtswidrig erkl\u00e4rt. Das Bundesverwaltungsgericht best\u00e4tigt die rechtswidrige Entscheidung des Hessischen Ministeriums f\u00fcr Umwelt, Energie, Landwirtschaft und &hellip;<\/p>\n<\/div>","protected":false},"author":1,"featured_media":0,"comment_status":"closed","ping_status":"closed","sticky":false,"template":"","format":"standard","meta":{"footnotes":""},"categories":[29],"tags":[],"class_list":["post-151715","post","type-post","status-publish","format-standard","hentry","category-politik"],"_links":{"self":[{"href":"https:\/\/www.fuldaernachrichten.de\/index.php?rest_route=\/wp\/v2\/posts\/151715","targetHints":{"allow":["GET"]}}],"collection":[{"href":"https:\/\/www.fuldaernachrichten.de\/index.php?rest_route=\/wp\/v2\/posts"}],"about":[{"href":"https:\/\/www.fuldaernachrichten.de\/index.php?rest_route=\/wp\/v2\/types\/post"}],"author":[{"embeddable":true,"href":"https:\/\/www.fuldaernachrichten.de\/index.php?rest_route=\/wp\/v2\/users\/1"}],"replies":[{"embeddable":true,"href":"https:\/\/www.fuldaernachrichten.de\/index.php?rest_route=%2Fwp%2Fv2%2Fcomments&post=151715"}],"version-history":[{"count":1,"href":"https:\/\/www.fuldaernachrichten.de\/index.php?rest_route=\/wp\/v2\/posts\/151715\/revisions"}],"predecessor-version":[{"id":151716,"href":"https:\/\/www.fuldaernachrichten.de\/index.php?rest_route=\/wp\/v2\/posts\/151715\/revisions\/151716"}],"wp:attachment":[{"href":"https:\/\/www.fuldaernachrichten.de\/index.php?rest_route=%2Fwp%2Fv2%2Fmedia&parent=151715"}],"wp:term":[{"taxonomy":"category","embeddable":true,"href":"https:\/\/www.fuldaernachrichten.de\/index.php?rest_route=%2Fwp%2Fv2%2Fcategories&post=151715"},{"taxonomy":"post_tag","embeddable":true,"href":"https:\/\/www.fuldaernachrichten.de\/index.php?rest_route=%2Fwp%2Fv2%2Ftags&post=151715"}],"curies":[{"name":"wp","href":"https:\/\/api.w.org\/{rel}","templated":true}]}}