{"id":151636,"date":"2016-05-30T05:30:54","date_gmt":"2016-05-30T03:30:54","guid":{"rendered":"http:\/\/www.fuldaer-nachrichten.de\/?p=151636"},"modified":"2016-05-30T05:30:54","modified_gmt":"2016-05-30T03:30:54","slug":"beim-aktionstag-der-kreisjugendfeuerwehr-aus-anlass-ihres-50-jaehrigen-jubilaeums-am-sonntag-5-juni-um-14-30-uhr-und-16-15-uhr","status":"publish","type":"post","link":"https:\/\/www.fuldaernachrichten.de\/?p=151636","title":{"rendered":"Beim Aktionstag der Kreisjugendfeuerwehr aus Anlass ihres 50-j\u00e4hrigen Jubil\u00e4ums am Sonntag, 5. Juni, um 14.30 Uhr und 16.15 Uhr"},"content":{"rendered":"<p><a href=\"http:\/\/www.fuldaer-nachrichten.de\/wp-content\/uploads\/2016\/05\/287-Kreisjugendfeuerwehr-1.jpg\"><img decoding=\"async\" class=\"alignleft size-thumbnail wp-image-151643\" src=\"http:\/\/www.fuldaer-nachrichten.de\/wp-content\/uploads\/2016\/05\/287-Kreisjugendfeuerwehr-1-265x176.jpg\" alt=\"287-Kreisjugendfeuerwehr 1\" width=\"265\" height=\"176\" srcset=\"https:\/\/www.fuldaernachrichten.de\/wp-content\/uploads\/2016\/05\/287-Kreisjugendfeuerwehr-1-265x176.jpg 265w, https:\/\/www.fuldaernachrichten.de\/wp-content\/uploads\/2016\/05\/287-Kreisjugendfeuerwehr-1-768x509.jpg 768w, https:\/\/www.fuldaernachrichten.de\/wp-content\/uploads\/2016\/05\/287-Kreisjugendfeuerwehr-1-600x398.jpg 600w, https:\/\/www.fuldaernachrichten.de\/wp-content\/uploads\/2016\/05\/287-Kreisjugendfeuerwehr-1.jpg 900w\" sizes=\"(max-width: 265px) 100vw, 265px\" \/><\/a>Mit einem Aktionstag im Rahmen des Stadtfests am n\u00e4chsten Wochenende in Fulda feiert die Kreisjugendfeuerwehr ihr 50-j\u00e4hriges Bestehen. Neben Demonstrations\u00fcbungen, einer Ausstellung von Einsatzfahrzeugen und Ausr\u00fcstung sowie ganz viel Informationen rund um die Feuerwehr d\u00fcrfte ein Programmh\u00f6hepunkt der KIKA-TanzAlarm am Sonntag um 14.30 Uhr und 16.15 Uhr sein.<\/p>\n","protected":false},"excerpt":{"rendered":"<div class=\"tmnf_excerpt\"><p>Mit einem Aktionstag im Rahmen des Stadtfests am n\u00e4chsten Wochenende in Fulda feiert die Kreisjugendfeuerwehr ihr 50-j\u00e4hriges Bestehen. Neben Demonstrations\u00fcbungen, einer Ausstellung von Einsatzfahrzeugen und Ausr\u00fcstung sowie ganz viel Informationen rund um die Feuerwehr d\u00fcrfte ein Programmh\u00f6hepunkt der KIKA-TanzAlarm am Sonntag um 14.30 Uhr und 16.15 Uhr sein.<\/p>\n<\/div>","protected":false},"author":1,"featured_media":151642,"comment_status":"closed","ping_status":"closed","sticky":false,"template":"","format":"standard","meta":{"footnotes":""},"categories":[71],"tags":[],"class_list":["post-151636","post","type-post","status-publish","format-standard","has-post-thumbnail","hentry","category-feuerwehr"],"_links":{"self":[{"href":"https:\/\/www.fuldaernachrichten.de\/index.php?rest_route=\/wp\/v2\/posts\/151636","targetHints":{"allow":["GET"]}}],"collection":[{"href":"https:\/\/www.fuldaernachrichten.de\/index.php?rest_route=\/wp\/v2\/posts"}],"about":[{"href":"https:\/\/www.fuldaernachrichten.de\/index.php?rest_route=\/wp\/v2\/types\/post"}],"author":[{"embeddable":true,"href":"https:\/\/www.fuldaernachrichten.de\/index.php?rest_route=\/wp\/v2\/users\/1"}],"replies":[{"embeddable":true,"href":"https:\/\/www.fuldaernachrichten.de\/index.php?rest_route=%2Fwp%2Fv2%2Fcomments&post=151636"}],"version-history":[{"count":1,"href":"https:\/\/www.fuldaernachrichten.de\/index.php?rest_route=\/wp\/v2\/posts\/151636\/revisions"}],"predecessor-version":[{"id":151644,"href":"https:\/\/www.fuldaernachrichten.de\/index.php?rest_route=\/wp\/v2\/posts\/151636\/revisions\/151644"}],"wp:featuredmedia":[{"embeddable":true,"href":"https:\/\/www.fuldaernachrichten.de\/index.php?rest_route=\/wp\/v2\/media\/151642"}],"wp:attachment":[{"href":"https:\/\/www.fuldaernachrichten.de\/index.php?rest_route=%2Fwp%2Fv2%2Fmedia&parent=151636"}],"wp:term":[{"taxonomy":"category","embeddable":true,"href":"https:\/\/www.fuldaernachrichten.de\/index.php?rest_route=%2Fwp%2Fv2%2Fcategories&post=151636"},{"taxonomy":"post_tag","embeddable":true,"href":"https:\/\/www.fuldaernachrichten.de\/index.php?rest_route=%2Fwp%2Fv2%2Ftags&post=151636"}],"curies":[{"name":"wp","href":"https:\/\/api.w.org\/{rel}","templated":true}]}}