{"id":151564,"date":"2016-05-25T20:04:36","date_gmt":"2016-05-25T18:04:36","guid":{"rendered":"http:\/\/www.fuldaer-nachrichten.de\/?p=151564"},"modified":"2016-05-25T20:06:33","modified_gmt":"2016-05-25T18:06:33","slug":"eine-ganze-nacht-im-zeichen-der-automobile","status":"publish","type":"post","link":"https:\/\/www.fuldaernachrichten.de\/?p=151564","title":{"rendered":"Eine ganze Nacht im Zeichen der Automobile"},"content":{"rendered":"<p>Die \u201eLange Nacht der Jahreswagen\u201c hat im Autohaus Sorg in der Fuldaer Kreuzbergstra\u00dfe schon seit einigen Jahren Tradition. Am 25.05.16 ist es wieder soweit: bis 24 Uhr k\u00f6nnen in dieser Nacht Kunden beraten, die jungen Gebrauchten besichtigt und ausprobiert werden. Daneben ist es gelungen, das weltweit erste SUV-Cabrio zur Vorpremiere nach Fulda zu holen: das Evoque Cabrio kann als Highlight am Mittwoch besichtigt werden.<br \/>\nAm Mittwochabend stehen vor allem junge Gebrauchte im Mittelpunkt: \u201eUnsere Besucher erwartet das gr\u00f6\u00dfte Angebot an Jahres- und Gebrauchtwagen seit Firmengr\u00fcndung\u201c, hatte Helmut Sorg, gesch\u00e4ftsf\u00fchrender Gesellschafter der Sorg Gruppe, angek\u00fcndigt. Und tats\u00e4chlich: Mehr als 300 Fahrzeuge, davon rund die H\u00e4lfte Tageszulassungen und Jahreswagen der Marken Ford, Jaguar und LandRover pr\u00e4sentierte die Sorg Gruppe auf dem mehr als 6000 Quadratmeter gro\u00dfen Au\u00dfenbereich des Autohauses in der Fuldaer Kreuzbergstra\u00dfe. Diese punkten mit wenigen Kilometern, niedrigem Preis und dennoch vollem Service: \u201eAlle Fahrzeuge in unserem Bestand sind T\u00dcV-gepr\u00fcft. F\u00fcr alle Jahreswagen gibt es bis zu sieben Jahre Neuwagengarantie ab Erstzulassung, Inzahlungnahme von Gebrauchtwagen, Finanzierungen ab 0,99 Prozent effektivem Jahreszins und wir reservieren Ihr Wunschfahrzeug f\u00fcr drei Tage, damit Sie Ihre Entscheidung in Ruhe \u00fcberdenken k\u00f6nnen\u201c, erkl\u00e4rte die Verkaufsleiterin f\u00fcr Gebrauchtwagen, Jutta Seegr\u00e4ber.<\/p>\n<p>W\u00e4hrend Beratungen und Testfahrten \u00fcblicherweise nur zu den \u201enormalen\u201c \u00d6ffnungszeiten des Autohauses m\u00f6glich sind, k\u00f6nnen Interessierte im Rahmen des Events auch zwischen 18 und 24 Uhr noch auf den gesamten Fuhrpark und die kompetente Unterst\u00fctzung der Verkaufsberater im Autohaus Sorg zur\u00fcckgreifen. Neben einer kostenlosen Wertermittlung f\u00fcr Gebrauchtwagen, gibt es an diesem Abend \u2013 quasi als kleinen Vorgeschmack auf den Start der Fu\u00dfball-Weltmeisterschaft \u2013 f\u00fcr \u201eTestfahrer\u201c einen EM-Replik-Fu\u00dfball der Marke Adidas geschenkt, es werden Bratw\u00fcrstchen und Getr\u00e4nke gereicht.<\/p>\n<p>Als besonderes Highlight kann au\u00dferdem das erste SUV-Cabrio im Premiumsegment an diesem Abend angesehen werden. \u201eDas neue Range Rover Evoque Cabriolet sorgt f\u00fcr ein v\u00f6llig neues Fahr- und Lebensgef\u00fchl, indem es die typischen Eigenschaften eines Land Rover mit entspanntem Cabriolet-Lifestyle verbindet. Es setzt neue Ma\u00dfst\u00e4be bei Design, Leistung und Fahrkomfort\u201c, zeigte sich Dr. Mascha Sorg, Gesch\u00e4ftsf\u00fchrerin von Sorg Premium Cars begeistert. Das Evoque Cabrio ist das neueste Ergebnis einer gro\u00dfen Produktoffensive von Land Rover. Das Unternehmen investiert derzeit Millionen in neue Werke, neue Technik und neue Fahrzeuge. Bereits drei Wochen vor der offiziellen Markteinf\u00fchrung konnten die ersten Kunden nun das neueste Modell der britischen Premiummarke bereits begutachten.<\/p>\n<p>Viele Gr\u00fcnde also, am Mittwochabend einen Ausflug zum Autohaus Sorg zu machen. Die gute Nachricht: Wer es nicht zur \u201eLangen Nacht der Jahreswagen\u201c oder zur Preview des Evoque Cabriolet ins Autohaus Sorg schafft, hat auch am Freitag und Samstag dieser Woche noch die Gelegenheit dazu.<\/p>\n","protected":false},"excerpt":{"rendered":"<div class=\"tmnf_excerpt\"><p>Die \u201eLange Nacht der Jahreswagen\u201c hat im Autohaus Sorg in der Fuldaer Kreuzbergstra\u00dfe schon seit einigen Jahren Tradition. Am 25.05.16 ist es wieder soweit: bis 24 Uhr k\u00f6nnen in dieser Nacht Kunden beraten, die jungen Gebrauchten besichtigt und ausprobiert werden. Daneben ist es gelungen, das weltweit erste SUV-Cabrio zur Vorpremiere nach Fulda zu holen: das &hellip;<\/p>\n<\/div>","protected":false},"author":1,"featured_media":151575,"comment_status":"closed","ping_status":"closed","sticky":false,"template":"","format":"standard","meta":{"footnotes":""},"categories":[1],"tags":[],"class_list":["post-151564","post","type-post","status-publish","format-standard","has-post-thumbnail","hentry","category-startseite"],"_links":{"self":[{"href":"https:\/\/www.fuldaernachrichten.de\/index.php?rest_route=\/wp\/v2\/posts\/151564","targetHints":{"allow":["GET"]}}],"collection":[{"href":"https:\/\/www.fuldaernachrichten.de\/index.php?rest_route=\/wp\/v2\/posts"}],"about":[{"href":"https:\/\/www.fuldaernachrichten.de\/index.php?rest_route=\/wp\/v2\/types\/post"}],"author":[{"embeddable":true,"href":"https:\/\/www.fuldaernachrichten.de\/index.php?rest_route=\/wp\/v2\/users\/1"}],"replies":[{"embeddable":true,"href":"https:\/\/www.fuldaernachrichten.de\/index.php?rest_route=%2Fwp%2Fv2%2Fcomments&post=151564"}],"version-history":[{"count":1,"href":"https:\/\/www.fuldaernachrichten.de\/index.php?rest_route=\/wp\/v2\/posts\/151564\/revisions"}],"predecessor-version":[{"id":151574,"href":"https:\/\/www.fuldaernachrichten.de\/index.php?rest_route=\/wp\/v2\/posts\/151564\/revisions\/151574"}],"wp:featuredmedia":[{"embeddable":true,"href":"https:\/\/www.fuldaernachrichten.de\/index.php?rest_route=\/wp\/v2\/media\/151575"}],"wp:attachment":[{"href":"https:\/\/www.fuldaernachrichten.de\/index.php?rest_route=%2Fwp%2Fv2%2Fmedia&parent=151564"}],"wp:term":[{"taxonomy":"category","embeddable":true,"href":"https:\/\/www.fuldaernachrichten.de\/index.php?rest_route=%2Fwp%2Fv2%2Fcategories&post=151564"},{"taxonomy":"post_tag","embeddable":true,"href":"https:\/\/www.fuldaernachrichten.de\/index.php?rest_route=%2Fwp%2Fv2%2Ftags&post=151564"}],"curies":[{"name":"wp","href":"https:\/\/api.w.org\/{rel}","templated":true}]}}