{"id":151561,"date":"2016-05-25T20:03:46","date_gmt":"2016-05-25T18:03:46","guid":{"rendered":"http:\/\/www.fuldaer-nachrichten.de\/?p=151561"},"modified":"2016-05-25T20:03:46","modified_gmt":"2016-05-25T18:03:46","slug":"bach-und-co-gelungenes-projektkonzert-in-der-aula-mit-1-20-celli","status":"publish","type":"post","link":"https:\/\/www.fuldaernachrichten.de\/?p=151561","title":{"rendered":"Bach und Co. &#8211; Gelungenes Projektkonzert  in der Aula mit 1-20 Celli"},"content":{"rendered":"<p><a href=\"http:\/\/www.fuldaer-nachrichten.de\/wp-content\/uploads\/2016\/05\/Julian-Bonzel.jpg\"><img decoding=\"async\" class=\"alignleft size-thumbnail wp-image-151568\" src=\"http:\/\/www.fuldaer-nachrichten.de\/wp-content\/uploads\/2016\/05\/Julian-Bonzel-265x177.jpg\" alt=\"Julian Bonzel\" width=\"265\" height=\"177\" srcset=\"https:\/\/www.fuldaernachrichten.de\/wp-content\/uploads\/2016\/05\/Julian-Bonzel-265x177.jpg 265w, https:\/\/www.fuldaernachrichten.de\/wp-content\/uploads\/2016\/05\/Julian-Bonzel-600x400.jpg 600w, https:\/\/www.fuldaernachrichten.de\/wp-content\/uploads\/2016\/05\/Julian-Bonzel.jpg 640w\" sizes=\"(max-width: 265px) 100vw, 265px\" \/><\/a>Fast ausschlie\u00dflich Cellomusik von Johann Sebastian Bach erklang am Freitag in der Aula der alten Universit\u00e4t. Langweilig aber wurde es nie: Sch\u00fcler der Cello- und Kammermusikklasse Jochen Fuchs der Musikschule Fulda interpretierten gekonnt unterschiedlichste Werke Bachs in den Besetzungen Solo bis Celloorchester.<\/p>\n<p>Im Mittelpunkt stand die G-Dur Suite f\u00fcr Cello solo. Urspr\u00fcnglich geplant war die Auff\u00fchrung mit sechs Sch\u00fclern, krankheitsbedingt musste aber bei zwei S\u00e4tzen der Lehrer einspringen. So kamen die Zuh\u00f6rer doch noch in den H\u00f6rgenuss der vollst\u00e4ndigen Suite. Eingeleitet wurde das Konzert mit sechs lebendig und sicher musizierten Cello-Duetten aus dem Notenb\u00fcchlein von A. M. Bach und der Bauernkantate. Vier S\u00e4tze waren dem Zeitgenossen Antonio Vivaldi gewidmet, hier gl\u00e4nzten Julika Wenzel und Marius Lindenthal begleitet von Marina Gajda mit tonsch\u00f6nem und virtuosem\u00c2\u00a0 Vortrag.<\/p>\n<p>Das Streichquartett mit Anna und Anton L\u00f6bens, Johanna Krayer und Andr\u00e9 Musch interpretierte den ersten Contrapunctus aus der Kunst der Fuge ausdrucksstark und sauber. H\u00f6hepunkt und Finale war die Auff\u00fchrung des Chorals \u201eJesus bleibet meine Freude\u201c bearbeitet f\u00fcr Celloorchester mit Sch\u00fclern im Alter von sieben bis 19 Jahren unter der Leitung von Jochen Fuchs.<\/p>\n","protected":false},"excerpt":{"rendered":"<div class=\"tmnf_excerpt\"><p>Fast ausschlie\u00dflich Cellomusik von Johann Sebastian Bach erklang am Freitag in der Aula der alten Universit\u00e4t. Langweilig aber wurde es nie: Sch\u00fcler der Cello- und Kammermusikklasse Jochen Fuchs der Musikschule Fulda interpretierten gekonnt unterschiedlichste Werke Bachs in den Besetzungen Solo bis Celloorchester. Im Mittelpunkt stand die G-Dur Suite f\u00fcr Cello solo. Urspr\u00fcnglich geplant war die &hellip;<\/p>\n<\/div>","protected":false},"author":1,"featured_media":151569,"comment_status":"closed","ping_status":"closed","sticky":false,"template":"","format":"standard","meta":{"footnotes":""},"categories":[1],"tags":[],"class_list":["post-151561","post","type-post","status-publish","format-standard","has-post-thumbnail","hentry","category-startseite"],"_links":{"self":[{"href":"https:\/\/www.fuldaernachrichten.de\/index.php?rest_route=\/wp\/v2\/posts\/151561","targetHints":{"allow":["GET"]}}],"collection":[{"href":"https:\/\/www.fuldaernachrichten.de\/index.php?rest_route=\/wp\/v2\/posts"}],"about":[{"href":"https:\/\/www.fuldaernachrichten.de\/index.php?rest_route=\/wp\/v2\/types\/post"}],"author":[{"embeddable":true,"href":"https:\/\/www.fuldaernachrichten.de\/index.php?rest_route=\/wp\/v2\/users\/1"}],"replies":[{"embeddable":true,"href":"https:\/\/www.fuldaernachrichten.de\/index.php?rest_route=%2Fwp%2Fv2%2Fcomments&post=151561"}],"version-history":[{"count":1,"href":"https:\/\/www.fuldaernachrichten.de\/index.php?rest_route=\/wp\/v2\/posts\/151561\/revisions"}],"predecessor-version":[{"id":151570,"href":"https:\/\/www.fuldaernachrichten.de\/index.php?rest_route=\/wp\/v2\/posts\/151561\/revisions\/151570"}],"wp:featuredmedia":[{"embeddable":true,"href":"https:\/\/www.fuldaernachrichten.de\/index.php?rest_route=\/wp\/v2\/media\/151569"}],"wp:attachment":[{"href":"https:\/\/www.fuldaernachrichten.de\/index.php?rest_route=%2Fwp%2Fv2%2Fmedia&parent=151561"}],"wp:term":[{"taxonomy":"category","embeddable":true,"href":"https:\/\/www.fuldaernachrichten.de\/index.php?rest_route=%2Fwp%2Fv2%2Fcategories&post=151561"},{"taxonomy":"post_tag","embeddable":true,"href":"https:\/\/www.fuldaernachrichten.de\/index.php?rest_route=%2Fwp%2Fv2%2Ftags&post=151561"}],"curies":[{"name":"wp","href":"https:\/\/api.w.org\/{rel}","templated":true}]}}