{"id":151557,"date":"2016-05-25T20:02:17","date_gmt":"2016-05-25T18:02:17","guid":{"rendered":"http:\/\/www.fuldaer-nachrichten.de\/?p=151557"},"modified":"2016-05-25T20:02:17","modified_gmt":"2016-05-25T18:02:17","slug":"auf-der-wasserkuppe-besteht-dringender-handlungsbedarf","status":"publish","type":"post","link":"https:\/\/www.fuldaernachrichten.de\/?p=151557","title":{"rendered":"Auf der Wasserkuppe besteht dringender Handlungsbedarf"},"content":{"rendered":"<p>Die Anfrage der Landtagsabgeordneten Sabine Waschke (SPD) zum Stand der Sanierung und Erweiterung des Groenhoff-Hauses auf der Wasserkuppe beantwortete Ministerin Priska Hinz: \u201eIch bin sehr interessiert daran, dass die Verwaltungsstelle des Biosph\u00e4renreservats dort ordentlich untergebracht ist, nach M\u00f6glichkeit in einem Geb\u00e4ude, das modernen Umweltstandards entspricht und geeignet ist, den mit der Anerkennung als UNESCO-Biosph\u00e4renreservat verbundenen Bildungsauftrag zu erf\u00fcllen.<\/p>\n<p>Derzeit werden Gespr\u00e4che auch mit der dort untergebrachten Jugendbildungseinrichtung gef\u00fchrt, um deren Einsch\u00e4tzung zu erfahren, welche baulichen M\u00e4ngel behoben werden m\u00fcssen. Sobald das Ergebnis vorliegt, hofft die Abgeordnete Waschke, dass das Land die n\u00f6tigen Finanzmittel bewilligt und in den Haushalt einstellt. Es darf nach ihrer Meinung in keinem Fall nur bei einem Bekenntnis zur Nutzung des Groenhoff-Hauses bleiben.<\/p>\n","protected":false},"excerpt":{"rendered":"<div class=\"tmnf_excerpt\"><p>Die Anfrage der Landtagsabgeordneten Sabine Waschke (SPD) zum Stand der Sanierung und Erweiterung des Groenhoff-Hauses auf der Wasserkuppe beantwortete Ministerin Priska Hinz: \u201eIch bin sehr interessiert daran, dass die Verwaltungsstelle des Biosph\u00e4renreservats dort ordentlich untergebracht ist, nach M\u00f6glichkeit in einem Geb\u00e4ude, das modernen Umweltstandards entspricht und geeignet ist, den mit der Anerkennung als UNESCO-Biosph\u00e4renreservat verbundenen &hellip;<\/p>\n<\/div>","protected":false},"author":1,"featured_media":0,"comment_status":"closed","ping_status":"closed","sticky":false,"template":"","format":"standard","meta":{"footnotes":""},"categories":[1],"tags":[],"class_list":["post-151557","post","type-post","status-publish","format-standard","hentry","category-startseite"],"_links":{"self":[{"href":"https:\/\/www.fuldaernachrichten.de\/index.php?rest_route=\/wp\/v2\/posts\/151557","targetHints":{"allow":["GET"]}}],"collection":[{"href":"https:\/\/www.fuldaernachrichten.de\/index.php?rest_route=\/wp\/v2\/posts"}],"about":[{"href":"https:\/\/www.fuldaernachrichten.de\/index.php?rest_route=\/wp\/v2\/types\/post"}],"author":[{"embeddable":true,"href":"https:\/\/www.fuldaernachrichten.de\/index.php?rest_route=\/wp\/v2\/users\/1"}],"replies":[{"embeddable":true,"href":"https:\/\/www.fuldaernachrichten.de\/index.php?rest_route=%2Fwp%2Fv2%2Fcomments&post=151557"}],"version-history":[{"count":1,"href":"https:\/\/www.fuldaernachrichten.de\/index.php?rest_route=\/wp\/v2\/posts\/151557\/revisions"}],"predecessor-version":[{"id":151563,"href":"https:\/\/www.fuldaernachrichten.de\/index.php?rest_route=\/wp\/v2\/posts\/151557\/revisions\/151563"}],"wp:attachment":[{"href":"https:\/\/www.fuldaernachrichten.de\/index.php?rest_route=%2Fwp%2Fv2%2Fmedia&parent=151557"}],"wp:term":[{"taxonomy":"category","embeddable":true,"href":"https:\/\/www.fuldaernachrichten.de\/index.php?rest_route=%2Fwp%2Fv2%2Fcategories&post=151557"},{"taxonomy":"post_tag","embeddable":true,"href":"https:\/\/www.fuldaernachrichten.de\/index.php?rest_route=%2Fwp%2Fv2%2Ftags&post=151557"}],"curies":[{"name":"wp","href":"https:\/\/api.w.org\/{rel}","templated":true}]}}