{"id":151544,"date":"2016-05-25T20:01:18","date_gmt":"2016-05-25T18:01:18","guid":{"rendered":"http:\/\/www.fuldaer-nachrichten.de\/?p=151544"},"modified":"2016-05-25T20:01:18","modified_gmt":"2016-05-25T18:01:18","slug":"malteser-dankplakette-fuer-dr-eberling","status":"publish","type":"post","link":"https:\/\/www.fuldaernachrichten.de\/?p=151544","title":{"rendered":"Malteser-Dankplakette f\u00fcr Dr. Eberling"},"content":{"rendered":"<p><a href=\"http:\/\/www.fuldaer-nachrichten.de\/wp-content\/uploads\/2016\/05\/dsc_0484.jpg\"><img decoding=\"async\" class=\"alignleft size-thumbnail wp-image-151555\" src=\"http:\/\/www.fuldaer-nachrichten.de\/wp-content\/uploads\/2016\/05\/dsc_0484-265x176.jpg\" alt=\"dsc_0484\" width=\"265\" height=\"176\" srcset=\"https:\/\/www.fuldaernachrichten.de\/wp-content\/uploads\/2016\/05\/dsc_0484-265x176.jpg 265w, https:\/\/www.fuldaernachrichten.de\/wp-content\/uploads\/2016\/05\/dsc_0484-768x509.jpg 768w, https:\/\/www.fuldaernachrichten.de\/wp-content\/uploads\/2016\/05\/dsc_0484-600x398.jpg 600w, https:\/\/www.fuldaernachrichten.de\/wp-content\/uploads\/2016\/05\/dsc_0484.jpg 900w\" sizes=\"(max-width: 265px) 100vw, 265px\" \/><\/a>Die Malteser in Fulda zeigen bis zum 6. Juni 2016 Werke des bekannten an Alzheimer erkrankten Designers und Werbegrafikers Carolus Horn (1921 \u2013 1992). Mit der Ausstellung \u201eWie aus Wolken Spiegeleier werden\u201c im Museumscaf\u00e9 Fulda m\u00f6chten sie auf das Thema Demenz aufmerksam machen und M\u00f6glichkeiten aufzeigen, pflegende Angeh\u00f6rige zu entlasten.\u00c2\u00a0 Die Schirmherrschaft \u00fcber die Ausstellung hat Fuldas Oberb\u00fcrgermeister Dr. Heiko Wingenfeld \u00fcbernommen. Bei der Vernissage stellte Dr. J\u00f6rg Eberling von der Novartis Pharma GmbH die ausgesuchten Bilder Horns vor, an denen beispielhaft zu erkennen ist, wie die\u00c2\u00a0 Demenz das Schaffen des K\u00fcnstlers nach und nach ver\u00e4nderte.<\/p>\n<p>Mit einem Fachgespr\u00e4ch \u00fcber das Krankheitsbild Demenz, den Verlauf der Erkrankung und individuelle Begleitung startete die Vernissage. Dabei bezog Dr. Eberling als Moderator neben dem Fuldaer Neurologen Dr. Thomas Klitsch die\u00c2\u00a0 Koordinatorin Demenzdienste vom Malteser Hilfsdienst in Fulda, Swetlana Wolf, und die Demenzbegleiterin Inge Kesenheimer sowie das konzentriert lauschende Publikum auf unterhaltsame Weise mit ein.<\/p>\n<p>Was ist normales Altern? Wie macht sich die Erkrankung bemerkbar? Die Antworten auf diese oft gestellte Frage geben Carolus Horns Bilder, die die Novartis Pharma GmbH den Maltesern f\u00fcr die Ausstellung zur Verf\u00fcgung gestellt hat. Die Werke zeigen, wie sich der Blick eines K\u00fcnstlers auf die Welt wandelt. Es beginnt mit dem Verlust der Dreidimensionalit\u00e4t. Sp\u00e4ter werden die Bilder naiver und farbenfroher. Mit dem Fortschreiten der Krankheit reduzierte Carolus Horn die Elemente immer st\u00e4rker, bis etwa aus detaillierten und realistischen Wolken \u201eSpiegeleier\u201c werden.<\/p>\n<p>Zur Vernissage begr\u00fc\u00dfte Dr. Constantin von Brandenstein-Zeppelin, Pr\u00e4sident des Malteser Hilfsdienstes e.V. in Deutschland, die G\u00e4ste. \u201eWir Malteser bem\u00fchen uns, zu jeder Zeit aktuelle N\u00f6te zu erkennen und darauf mit aktuellen Hilfsmitteln zu reagieren\u201c, so der Pr\u00e4sident. Die Nachfrage f\u00fcr Hilfe bei Demenz sei\u00c2\u00a0 gro\u00df, in Deutschland seien 1,5 Millionen Menschen betroffen. In Fulda sei man dabei, zusammen mit der Stadt ein \u201eInnenstadtcaf\u00e9 Malta\u201c auf den Weg zu bringen. Fuldas B\u00fcrgermeister Dag Wehner, der in Vertretung des Schirmherrn gekommen war, betonte ebenfalls: \u201eWir sehen, dass unsere Gesellschaft altert\u201c. Die Malteser griffen mit der Demenz ein gesellschaftlich relevantes und aktuelles Thema auf. Schon lange besch\u00e4ftige die Stadt die Frage, wie man die Einrichtung des Caf\u00e9s Malta in die Fuldaer Innenstadt holen k\u00f6nne.<\/p>\n<p>Dass und wie im Caf\u00e9 Malta am Aschenberg in Fulda Demenzerkrankte betreut und pflegende Angeh\u00f6rige unterst\u00fctzt werden, kl\u00e4rte Dr. Eberling im Gespr\u00e4ch mit den Fuldaer Malteser-Mitarbeiterinnen. Mit Dr. Klitsch zusammen erl\u00e4uterte er die verschiedenen Formen der Demenz, von denen Alzheimer eine ist. Danach machte Dr. Eberling im Rahmen einer Pr\u00e4sentation einiger Bilder des durch seine Werbeaktivit\u00e4ten bekannten Grafikers Horn\u00c2\u00a0 &#8211; von ihm stammt unter anderem der Spruch \u201eAlle reden vom Wetter \u2013 wir nicht!\u201c \u2013 begreifbar, was Demenz bedeutet und wie die Erkrankten immer mehr in ihre eigene Welt abdriften. Wichtig sei, die Erkrankung fr\u00fch zu erkennen und fr\u00fch zu unterst\u00fctzen. Pr\u00e4sident von Brandenstein-Zeppelin erg\u00e4nzte, dass die Malteser mit dem von der schwedischen K\u00f6nigin eingef\u00fchrten Konzept \u201eSilviahemmet\u201c arbeiten, bei dem versucht wird, aus dem Demenzerkrankten so viel wie m\u00f6glich \u201eherauszukitzeln\u201c, was noch vorhanden sei.<\/p>\n<p>Der Pr\u00e4sident nutzte die Ausstellungser\u00f6ffnung, Dr. Eberling mit der Malteser Dankplakette auszuzeichnen. Mit der Dankmedaille des Malteserordens werden Menschen gew\u00fcrdigt, die sich in besonderer Weise f\u00fcr die Malteser und deren Dienste einsetzen, selbst aber kein Mitglied sind. \u201eDr. J\u00f6rg Eberling begleitet unsere Hilfsorganisation seit \u00fcber zehn Jahren mit viel Herz und hohem pers\u00f6nlichen Einsatz, um das Thema Demenz in die \u00d6ffentlichkeit zu tragen\u201c, sagte Dr. Constantin von Brandenstein-Zeppelin.<\/p>\n<p>Die Ausstellung ist zu den \u00d6ffnungszeiten des Museumscaf\u00e9s am Jesuitenplatz 2 in Fulda t\u00e4glich zu besichtigen. Bei R\u00fcckfragen zur Ausstellung und zum Demenzdienst steht die Koordinatorin Demenzdienste der Malteser Fulda, Swetlana Wolf, Telefon 0661\/9531027, zur Verf\u00fcgung. Weitere Informationen \u00fcber die Unterst\u00fctzung Demenzkranker und ihrer Angeh\u00f6rigen findet man auch im Internet und www.malteser-fulda.de.<\/p>\n","protected":false},"excerpt":{"rendered":"<div class=\"tmnf_excerpt\"><p>Die Malteser in Fulda zeigen bis zum 6. Juni 2016 Werke des bekannten an Alzheimer erkrankten Designers und Werbegrafikers Carolus Horn (1921 \u2013 1992). Mit der Ausstellung \u201eWie aus Wolken Spiegeleier werden\u201c im Museumscaf\u00e9 Fulda m\u00f6chten sie auf das Thema Demenz aufmerksam machen und M\u00f6glichkeiten aufzeigen, pflegende Angeh\u00f6rige zu entlasten.\u00c2\u00a0 Die Schirmherrschaft \u00fcber die Ausstellung &hellip;<\/p>\n<\/div>","protected":false},"author":1,"featured_media":151554,"comment_status":"closed","ping_status":"closed","sticky":false,"template":"","format":"standard","meta":{"footnotes":""},"categories":[1],"tags":[],"class_list":["post-151544","post","type-post","status-publish","format-standard","has-post-thumbnail","hentry","category-startseite"],"_links":{"self":[{"href":"https:\/\/www.fuldaernachrichten.de\/index.php?rest_route=\/wp\/v2\/posts\/151544","targetHints":{"allow":["GET"]}}],"collection":[{"href":"https:\/\/www.fuldaernachrichten.de\/index.php?rest_route=\/wp\/v2\/posts"}],"about":[{"href":"https:\/\/www.fuldaernachrichten.de\/index.php?rest_route=\/wp\/v2\/types\/post"}],"author":[{"embeddable":true,"href":"https:\/\/www.fuldaernachrichten.de\/index.php?rest_route=\/wp\/v2\/users\/1"}],"replies":[{"embeddable":true,"href":"https:\/\/www.fuldaernachrichten.de\/index.php?rest_route=%2Fwp%2Fv2%2Fcomments&post=151544"}],"version-history":[{"count":1,"href":"https:\/\/www.fuldaernachrichten.de\/index.php?rest_route=\/wp\/v2\/posts\/151544\/revisions"}],"predecessor-version":[{"id":151556,"href":"https:\/\/www.fuldaernachrichten.de\/index.php?rest_route=\/wp\/v2\/posts\/151544\/revisions\/151556"}],"wp:featuredmedia":[{"embeddable":true,"href":"https:\/\/www.fuldaernachrichten.de\/index.php?rest_route=\/wp\/v2\/media\/151554"}],"wp:attachment":[{"href":"https:\/\/www.fuldaernachrichten.de\/index.php?rest_route=%2Fwp%2Fv2%2Fmedia&parent=151544"}],"wp:term":[{"taxonomy":"category","embeddable":true,"href":"https:\/\/www.fuldaernachrichten.de\/index.php?rest_route=%2Fwp%2Fv2%2Fcategories&post=151544"},{"taxonomy":"post_tag","embeddable":true,"href":"https:\/\/www.fuldaernachrichten.de\/index.php?rest_route=%2Fwp%2Fv2%2Ftags&post=151544"}],"curies":[{"name":"wp","href":"https:\/\/api.w.org\/{rel}","templated":true}]}}