{"id":151541,"date":"2016-05-25T19:58:45","date_gmt":"2016-05-25T17:58:45","guid":{"rendered":"http:\/\/www.fuldaer-nachrichten.de\/?p=151541"},"modified":"2016-05-25T19:58:45","modified_gmt":"2016-05-25T17:58:45","slug":"huenfeld-wird-standort-der-neuen-anti-terror-einheit","status":"publish","type":"post","link":"https:\/\/www.fuldaernachrichten.de\/?p=151541","title":{"rendered":"H\u00fcnfeld wird Standort der neuen Anti-Terror-Einheit"},"content":{"rendered":"<p>Durch die Unterschrift von Bundesinnenminister Thomas de Maizi\u00e8re ist es jetzt auch formal amtlich. H\u00fcnfeld wird einer der bundesweit 5 neuen Standorte der neuen Anti-Terror-Einheit. Diese Entscheidungen hat der Wahlkreisabgeordnete Michael Brand am Dienstag vom Bundesinnenminister erhalten.<\/p>\n<p>Der H\u00fcnfelder Standort wird demnach einen Personalaufwuchs von etwa 50 Personalstellen bekommen. Anfang 2017 startet die Ausbildung der robusten Einheit. De Maizi\u00e8re folgt mit der Entscheidung dem Vorschlag des Pr\u00e4sidenten der Bundespolizeidirektion, Dieter Romann, der dem Abgeordneten Brand im Herbst seine \u00dcberlegungen mitgeteilt hatte. Auch de Maizi\u00e8re hatte dem Fuldaer Abgeordneten schon seinerzeit die Zusage gegeben, die jetzt durch die Unterschrift formell besiegelt wurde.<\/p>\n<p>\u201eDie Entscheidung ist eine echte St\u00e4rkung unseres Standortes H\u00fcnfeld \u2013 fachlich v\u00f6llig richtig und regional hervorragend\u201c, freut sich Brand, der sich bei der Bundespolizei-Reform 2008 f\u00fcr den Erhalt des Standortes eingesetzt hat, \u00fcber den k\u00fcnftigen personellen Aufwuchs. \u201eZugleich bedeutet die Entscheidung gro\u00dfe Verantwortung, dass hier aus der Region ein wichtiger Beitrag zur Abwehr von Terror und Gefahren f\u00fcr die gesamte Bundesrepublik Deutschland geleistet werden kann.\u201c<\/p>\n<p>Die zentrale geografische Lage und die polizeiliche Qualit\u00e4t der Beweissicherungs- und Festnahmehundertschaft der Bundespolizei in H\u00fcnfeld haben wesentlich zur Minister-Entscheidung beigetragen, berichtet MdB Michael Brand, der \u201eseit l\u00e4ngerem im Stillen von der Bundespolizei-Abteilung vor Ort bis hin zum Bundesinnenministerium f\u00fcr den Standort H\u00fcnfeld geworben hat\u201c.<\/p>\n<p>Die zus\u00e4tzlichen Bundespolizisten in H\u00fcnfeld werden Teil der insgesamt 250 Polizisten starken Anti-Terror-Einheit der Bundespolizei, die im Falle einer Terrorattacke im Bundesgebiet rasch zur Unterst\u00fctzung der jeweiligen Sonderkommandos der Landespolizeien eingesetzt werden kann.<\/p>\n<p>Bildunterschrift: Bundesinnenminister Thomas de Maizi\u00e8re (rechts) im Gespr\u00e4ch mit Fuldas Wahlkreisabgeordneten Michael Brand im Plenarsaal des Bundestages<\/p>\n","protected":false},"excerpt":{"rendered":"<div class=\"tmnf_excerpt\"><p>Durch die Unterschrift von Bundesinnenminister Thomas de Maizi\u00e8re ist es jetzt auch formal amtlich. H\u00fcnfeld wird einer der bundesweit 5 neuen Standorte der neuen Anti-Terror-Einheit. Diese Entscheidungen hat der Wahlkreisabgeordnete Michael Brand am Dienstag vom Bundesinnenminister erhalten. Der H\u00fcnfelder Standort wird demnach einen Personalaufwuchs von etwa 50 Personalstellen bekommen. Anfang 2017 startet die Ausbildung der &hellip;<\/p>\n<\/div>","protected":false},"author":1,"featured_media":151546,"comment_status":"closed","ping_status":"closed","sticky":false,"template":"","format":"standard","meta":{"footnotes":""},"categories":[1],"tags":[],"class_list":["post-151541","post","type-post","status-publish","format-standard","has-post-thumbnail","hentry","category-startseite"],"_links":{"self":[{"href":"https:\/\/www.fuldaernachrichten.de\/index.php?rest_route=\/wp\/v2\/posts\/151541","targetHints":{"allow":["GET"]}}],"collection":[{"href":"https:\/\/www.fuldaernachrichten.de\/index.php?rest_route=\/wp\/v2\/posts"}],"about":[{"href":"https:\/\/www.fuldaernachrichten.de\/index.php?rest_route=\/wp\/v2\/types\/post"}],"author":[{"embeddable":true,"href":"https:\/\/www.fuldaernachrichten.de\/index.php?rest_route=\/wp\/v2\/users\/1"}],"replies":[{"embeddable":true,"href":"https:\/\/www.fuldaernachrichten.de\/index.php?rest_route=%2Fwp%2Fv2%2Fcomments&post=151541"}],"version-history":[{"count":1,"href":"https:\/\/www.fuldaernachrichten.de\/index.php?rest_route=\/wp\/v2\/posts\/151541\/revisions"}],"predecessor-version":[{"id":151547,"href":"https:\/\/www.fuldaernachrichten.de\/index.php?rest_route=\/wp\/v2\/posts\/151541\/revisions\/151547"}],"wp:featuredmedia":[{"embeddable":true,"href":"https:\/\/www.fuldaernachrichten.de\/index.php?rest_route=\/wp\/v2\/media\/151546"}],"wp:attachment":[{"href":"https:\/\/www.fuldaernachrichten.de\/index.php?rest_route=%2Fwp%2Fv2%2Fmedia&parent=151541"}],"wp:term":[{"taxonomy":"category","embeddable":true,"href":"https:\/\/www.fuldaernachrichten.de\/index.php?rest_route=%2Fwp%2Fv2%2Fcategories&post=151541"},{"taxonomy":"post_tag","embeddable":true,"href":"https:\/\/www.fuldaernachrichten.de\/index.php?rest_route=%2Fwp%2Fv2%2Ftags&post=151541"}],"curies":[{"name":"wp","href":"https:\/\/api.w.org\/{rel}","templated":true}]}}