{"id":151529,"date":"2016-05-24T19:06:27","date_gmt":"2016-05-24T17:06:27","guid":{"rendered":"http:\/\/www.fuldaer-nachrichten.de\/?p=151529"},"modified":"2016-05-24T19:06:27","modified_gmt":"2016-05-24T17:06:27","slug":"versicherungen-im-fokus-des-infoabends-von-haus-grund-rhoen-e-v","status":"publish","type":"post","link":"https:\/\/www.fuldaernachrichten.de\/?p=151529","title":{"rendered":"Versicherungen im Fokus des Infoabends von Haus &#038; Grund Rh\u00f6n e.V."},"content":{"rendered":"<p>Der Verein Haus &amp; Grund Rh\u00f6n e.V. l\u00e4dt am Montag, 30. Mai, zur n\u00e4chsten Informationsveranstaltung ein. Versicherungen sind das Schwerpunktthema des Abends.<\/p>\n<p>Emanuel Warzecha, Regionaldirektor der OVB Verm\u00f6gensberatung AG, gibt einen \u00dcberblick \u00fcber die wichtigsten Versicherungen. Er informiert \u00fcber die h\u00e4ufigsten Sch\u00e4den an Wohngeb\u00e4uden und dar\u00fcber, wie sich Eigent\u00fcmer und Vermieter vor den finanziellen Folgen dieser Sch\u00e4den sch\u00fctzen k\u00f6nnen. Zudem wird der Referent die Haftpflicht f\u00fcr Haus- und Grundbesitzer sowie den Rechtsschutz f\u00fcr Vermieter thematisieren. Erg\u00e4nzt wird der Vortrag durch Steuerberater Marco Rausch sowie Rechtsanw\u00e4ltin Dr. Sylke Wagner, die \u00fcber Aktuelles aus dem Steuer- und Mietrecht berichten werden.<\/p>\n<p>Die Veranstaltung findet in den R\u00e4umen der Agentur Gute Seele, Hauptstra\u00dfe 3, 36039 K\u00fcnzell\/Dietershausen statt und beginnt um 18 Uhr. F\u00fcr Mitglieder des Vereins ist der Eintritt frei. Der Unkostenbeitrag f\u00fcr interessierte Nicht-Mitglieder betr\u00e4gt 5 Euro. Um eine Anmeldung unter www.hug-rhoen.de\/termine oder per Telefon 06658\/91871-85 wird gebeten.<\/p>\n","protected":false},"excerpt":{"rendered":"<div class=\"tmnf_excerpt\"><p>Der Verein Haus &amp; Grund Rh\u00f6n e.V. l\u00e4dt am Montag, 30. Mai, zur n\u00e4chsten Informationsveranstaltung ein. Versicherungen sind das Schwerpunktthema des Abends. Emanuel Warzecha, Regionaldirektor der OVB Verm\u00f6gensberatung AG, gibt einen \u00dcberblick \u00fcber die wichtigsten Versicherungen. Er informiert \u00fcber die h\u00e4ufigsten Sch\u00e4den an Wohngeb\u00e4uden und dar\u00fcber, wie sich Eigent\u00fcmer und Vermieter vor den finanziellen Folgen &hellip;<\/p>\n<\/div>","protected":false},"author":1,"featured_media":0,"comment_status":"closed","ping_status":"closed","sticky":false,"template":"","format":"standard","meta":{"footnotes":""},"categories":[1],"tags":[],"class_list":["post-151529","post","type-post","status-publish","format-standard","hentry","category-startseite"],"_links":{"self":[{"href":"https:\/\/www.fuldaernachrichten.de\/index.php?rest_route=\/wp\/v2\/posts\/151529","targetHints":{"allow":["GET"]}}],"collection":[{"href":"https:\/\/www.fuldaernachrichten.de\/index.php?rest_route=\/wp\/v2\/posts"}],"about":[{"href":"https:\/\/www.fuldaernachrichten.de\/index.php?rest_route=\/wp\/v2\/types\/post"}],"author":[{"embeddable":true,"href":"https:\/\/www.fuldaernachrichten.de\/index.php?rest_route=\/wp\/v2\/users\/1"}],"replies":[{"embeddable":true,"href":"https:\/\/www.fuldaernachrichten.de\/index.php?rest_route=%2Fwp%2Fv2%2Fcomments&post=151529"}],"version-history":[{"count":1,"href":"https:\/\/www.fuldaernachrichten.de\/index.php?rest_route=\/wp\/v2\/posts\/151529\/revisions"}],"predecessor-version":[{"id":151536,"href":"https:\/\/www.fuldaernachrichten.de\/index.php?rest_route=\/wp\/v2\/posts\/151529\/revisions\/151536"}],"wp:attachment":[{"href":"https:\/\/www.fuldaernachrichten.de\/index.php?rest_route=%2Fwp%2Fv2%2Fmedia&parent=151529"}],"wp:term":[{"taxonomy":"category","embeddable":true,"href":"https:\/\/www.fuldaernachrichten.de\/index.php?rest_route=%2Fwp%2Fv2%2Fcategories&post=151529"},{"taxonomy":"post_tag","embeddable":true,"href":"https:\/\/www.fuldaernachrichten.de\/index.php?rest_route=%2Fwp%2Fv2%2Ftags&post=151529"}],"curies":[{"name":"wp","href":"https:\/\/api.w.org\/{rel}","templated":true}]}}