{"id":151250,"date":"2016-05-14T13:31:08","date_gmt":"2016-05-14T11:31:08","guid":{"rendered":"http:\/\/www.fuldaer-nachrichten.de\/?p=151250"},"modified":"2016-05-14T13:31:08","modified_gmt":"2016-05-14T11:31:08","slug":"projekt-klangfarben-3-proben-2-auftritte-1malig","status":"publish","type":"post","link":"https:\/\/www.fuldaernachrichten.de\/?p=151250","title":{"rendered":"Projekt \u201eKlangfarben\u201c 3 Proben \u2013 2 Auftritte \u2013 1malig"},"content":{"rendered":"<p>Die Welt ist bunt. Und wer genau hinsieht, kann die Sch\u00f6nheit und die Farben entdecken, mit denen der Sch\u00f6pfer die Welt gemacht hat. Um diesen wunderbaren Reichtum dreht sich das n\u00e4chste Projekt von \u201eDer Chor\u201c. In pr\u00e4chtigen Farben und in herrlichen Kl\u00e4ngen singt das Projekt \u201eKlangfarben\u201c das Lob des Sch\u00f6pfers und von der Freude an der sommerlichen Natur.<\/p>\n<p>Singbegeisterte Menschen, junge und alte, M\u00e4nner und Frauen, erfahrene und solche, die es einfach mal probieren m\u00f6chten, sind eingeladen, an drei Proben und zwei Auftritten teilzunehmen. Im Mittelpunkt der Arbeit steht dabei die Freude am Singen unter qualifizierter Anleitung.<\/p>\n<p>Geprobt wird jeweils sonntags (29. Mai, 5. Juni, 12. Juni) von 18:30 bis 19:45 Uhr in der Stadtkirche Tann. Mit dem Ergebnis dieser Proben werden zwei Gottesdienste gestaltet: Ein katholischer (Samstag, 18. Juni, 18 Uhr, St. Georg Poppenhausen) und ein evangelischer (Sonntag, 19. Juni, 10 Uhr, Stadtkirche Tann).<\/p>\n<p>Die Leitung hat Kantor Thomas N\u00fcdling. Informationen und Antworten auf Fragen zum \u201eDer Chor\u201c gibt\u00e2\u20ac\u2122s bei Susanna Leubecher:<br \/>\nTelefon: 06682-8966<br \/>\neMail: DerChor@gmx.de<br \/>\nAdresse: Annastra\u00dfe 6, 36142 Tann.<\/p>\n<p>Das Projekt \u201eKlangfarben\u201c wird von der Kirchenmusikstiftung Ziegler (Paderborn) und dem Land Hessen durch die Staatskanzlei Wiesbaden unterst\u00fctzt.<\/p>\n","protected":false},"excerpt":{"rendered":"<div class=\"tmnf_excerpt\"><p>Die Welt ist bunt. Und wer genau hinsieht, kann die Sch\u00f6nheit und die Farben entdecken, mit denen der Sch\u00f6pfer die Welt gemacht hat. Um diesen wunderbaren Reichtum dreht sich das n\u00e4chste Projekt von \u201eDer Chor\u201c. In pr\u00e4chtigen Farben und in herrlichen Kl\u00e4ngen singt das Projekt \u201eKlangfarben\u201c das Lob des Sch\u00f6pfers und von der Freude an &hellip;<\/p>\n<\/div>","protected":false},"author":1,"featured_media":0,"comment_status":"closed","ping_status":"closed","sticky":false,"template":"","format":"standard","meta":{"footnotes":""},"categories":[1],"tags":[],"class_list":["post-151250","post","type-post","status-publish","format-standard","hentry","category-startseite"],"_links":{"self":[{"href":"https:\/\/www.fuldaernachrichten.de\/index.php?rest_route=\/wp\/v2\/posts\/151250","targetHints":{"allow":["GET"]}}],"collection":[{"href":"https:\/\/www.fuldaernachrichten.de\/index.php?rest_route=\/wp\/v2\/posts"}],"about":[{"href":"https:\/\/www.fuldaernachrichten.de\/index.php?rest_route=\/wp\/v2\/types\/post"}],"author":[{"embeddable":true,"href":"https:\/\/www.fuldaernachrichten.de\/index.php?rest_route=\/wp\/v2\/users\/1"}],"replies":[{"embeddable":true,"href":"https:\/\/www.fuldaernachrichten.de\/index.php?rest_route=%2Fwp%2Fv2%2Fcomments&post=151250"}],"version-history":[{"count":1,"href":"https:\/\/www.fuldaernachrichten.de\/index.php?rest_route=\/wp\/v2\/posts\/151250\/revisions"}],"predecessor-version":[{"id":151259,"href":"https:\/\/www.fuldaernachrichten.de\/index.php?rest_route=\/wp\/v2\/posts\/151250\/revisions\/151259"}],"wp:attachment":[{"href":"https:\/\/www.fuldaernachrichten.de\/index.php?rest_route=%2Fwp%2Fv2%2Fmedia&parent=151250"}],"wp:term":[{"taxonomy":"category","embeddable":true,"href":"https:\/\/www.fuldaernachrichten.de\/index.php?rest_route=%2Fwp%2Fv2%2Fcategories&post=151250"},{"taxonomy":"post_tag","embeddable":true,"href":"https:\/\/www.fuldaernachrichten.de\/index.php?rest_route=%2Fwp%2Fv2%2Ftags&post=151250"}],"curies":[{"name":"wp","href":"https:\/\/api.w.org\/{rel}","templated":true}]}}