{"id":151220,"date":"2016-05-13T07:04:26","date_gmt":"2016-05-13T05:04:26","guid":{"rendered":"http:\/\/www.fuldaer-nachrichten.de\/?p=151220"},"modified":"2016-05-13T07:04:26","modified_gmt":"2016-05-13T05:04:26","slug":"dav-sektion-fulda-feiert-sommerfest-mit-einem-tag-der-offenen-tuer-bergsport-erlebnistag-fuer-klein-und-gross","status":"publish","type":"post","link":"https:\/\/www.fuldaernachrichten.de\/?p=151220","title":{"rendered":"DAV Sektion Fulda feiert Sommerfest mit einem Tag der offenen T\u00fcr &#8211; \u201eBergsport-Erlebnistag\u201c f\u00fcr Klein und Gro\u00df"},"content":{"rendered":"<p><a href=\"http:\/\/www.fuldaer-nachrichten.de\/wp-content\/uploads\/2016\/05\/DAV_Sommerfest_2016_3.jpg\"><img decoding=\"async\" class=\"alignleft size-thumbnail wp-image-151227\" src=\"http:\/\/www.fuldaer-nachrichten.de\/wp-content\/uploads\/2016\/05\/DAV_Sommerfest_2016_3-265x177.jpg\" alt=\"DAV_Sommerfest_2016_3\" width=\"265\" height=\"177\" srcset=\"https:\/\/www.fuldaernachrichten.de\/wp-content\/uploads\/2016\/05\/DAV_Sommerfest_2016_3-265x177.jpg 265w, https:\/\/www.fuldaernachrichten.de\/wp-content\/uploads\/2016\/05\/DAV_Sommerfest_2016_3-768x514.jpg 768w, https:\/\/www.fuldaernachrichten.de\/wp-content\/uploads\/2016\/05\/DAV_Sommerfest_2016_3-600x401.jpg 600w, https:\/\/www.fuldaernachrichten.de\/wp-content\/uploads\/2016\/05\/DAV_Sommerfest_2016_3.jpg 900w\" sizes=\"(max-width: 265px) 100vw, 265px\" \/><\/a>Die Sektion Fulda des Deutschen Alpenvereins (DAV) feiert am Sonntag, 22. Mai, ab 10 Uhr ein buntes Sommerfest rund um das sektionseigene Kletterzentrum in Petersberg. Gro\u00dfe und kleine Besucher k\u00f6nnen \u00fcber ein vielf\u00e4ltiges Programm die Angebote und Aktivit\u00e4ten des Alpenvereins kennen lernen \u2013 und selbst testen.<\/p>\n<p>Das Sommerfest der DAV Sektion Fulda ist ein echter Erlebnistag zum Thema Bergsport. Ab 10 Uhr startet das bunte Programm in und um das Kletterzentrum. Dazu geh\u00f6rt eine Vereinsrallye, bei der man den DAV und seine Angebote rund um den Bergsport kennen lernen kann. Gro\u00dfe und kleine G\u00e4ste sind hier eingeladen, sich an den sieben Mitmachstationen auf Entdeckungsreise zu begeben.<\/p>\n<p>Und wer gleich vom Bergfieber gepackt ist und selbst aktiv werden m\u00f6chte, kann sich beim Probeklettern in luftige H\u00f6hen bis zu 14m wagen oder beim Mountainbike-Parcours sein Fahrk\u00f6nnen unter Beweis stellen. Wem noch das passende Ausr\u00fcstungsteil f\u00fcr seine Bergerlebnisse fehlt, der kann sich beim Bergsteigerflohmarkt der DAV-Jugendgruppe mit Ausr\u00fcstung oder Outdoorbekleidung eindecken \u2013 und damit Gutes tun, denn: 10% des Erl\u00f6ses kommen der Nepalhilfe zugute.<\/p>\n<p><a href=\"http:\/\/www.fuldaer-nachrichten.de\/wp-content\/uploads\/2016\/05\/DAV_Sommerfest_2016_2.jpg\"><img decoding=\"async\" class=\"alignleft size-thumbnail wp-image-151226\" src=\"http:\/\/www.fuldaer-nachrichten.de\/wp-content\/uploads\/2016\/05\/DAV_Sommerfest_2016_2-265x177.jpg\" alt=\"DAV_Sommerfest_2016_2\" width=\"265\" height=\"177\" srcset=\"https:\/\/www.fuldaernachrichten.de\/wp-content\/uploads\/2016\/05\/DAV_Sommerfest_2016_2-265x177.jpg 265w, https:\/\/www.fuldaernachrichten.de\/wp-content\/uploads\/2016\/05\/DAV_Sommerfest_2016_2-768x514.jpg 768w, https:\/\/www.fuldaernachrichten.de\/wp-content\/uploads\/2016\/05\/DAV_Sommerfest_2016_2-600x401.jpg 600w, https:\/\/www.fuldaernachrichten.de\/wp-content\/uploads\/2016\/05\/DAV_Sommerfest_2016_2.jpg 900w\" sizes=\"(max-width: 265px) 100vw, 265px\" \/><\/a>F\u00fcr Unterhaltung sorgen den ganzen Tag \u00fcber das Duo \u201eYukon-Gold\u201c aus Hofbieber sowie der Zauberer Stephan von K\u00f6ller, der die Besucher immer wieder zu kleinen \u201eClose-up-Zaubereien\u201c einladen wird. Ab 15 Uhr zeigt dann die Leistungsgruppe der DAV Sektion Fulda bei einem Showklettern ihr K\u00f6nnen. Au\u00dferdem werden unter allen Teilnehmern der Vereinsrallye attraktive Preise rund um den DAV verlost. F\u00fcr das leibliche Wohl sorgen an diesem Tag die Mitglieder des DAV mit Leckereien vom Grill und selbstgebackenem Kuchen.<\/p>\n<p>Zus\u00e4tzlich pr\u00e4sentieren sich mit Informationsst\u00e4nden: die Bergwacht Wasserkuppe, die Firmen \u201eauf und davon\u201c und \u201edoorout\u201c aus Fulda mit aktuellen Trends rund um den Bergsport, die Firma Rh\u00f6nbike aus Hilders hat die aktuellen Fahrradmodelle im Gep\u00e4ck und das Yoga-<\/p>\n<p>Studio \u201eEntfaltungsatelier\u201c aus Dipperz informiert u.a. \u00fcber Entspannungstechniken. Diese Programmpunkte erwarten die Besucher beim Sommerfest:<\/p>\n<p>10-15 Uhr: Vereinsrallye rund um das Kletterzentrum<br \/>\nab 15 Uhr: Showteil mit:<br \/>\nShowklettern der Leistungsgruppe<br \/>\nVerlosung der Vereinsrallye<\/p>\n<p>Fortlaufend:<br \/>\nProbeklettern in den \u00fcber 130 Routen der Kletterhalle<br \/>\n\u00dcber 100 Boulder im Innen- und Au\u00dfenbereich<br \/>\nMountainbike-Fahrtechniktraining<br \/>\nSpiel und Spa\u00df f\u00fcr Kinder auf dem Freigel\u00e4nde<br \/>\nBergsteigerflohmarkt<\/p>\n<p>Weitere Informationen finden Sie auch unter: www.dav-fulda.de<\/p>\n","protected":false},"excerpt":{"rendered":"<div class=\"tmnf_excerpt\"><p>Die Sektion Fulda des Deutschen Alpenvereins (DAV) feiert am Sonntag, 22. Mai, ab 10 Uhr ein buntes Sommerfest rund um das sektionseigene Kletterzentrum in Petersberg. Gro\u00dfe und kleine Besucher k\u00f6nnen \u00fcber ein vielf\u00e4ltiges Programm die Angebote und Aktivit\u00e4ten des Alpenvereins kennen lernen \u2013 und selbst testen. Das Sommerfest der DAV Sektion Fulda ist ein echter &hellip;<\/p>\n<\/div>","protected":false},"author":1,"featured_media":151225,"comment_status":"closed","ping_status":"closed","sticky":false,"template":"","format":"standard","meta":{"footnotes":""},"categories":[1],"tags":[],"class_list":["post-151220","post","type-post","status-publish","format-standard","has-post-thumbnail","hentry","category-startseite"],"_links":{"self":[{"href":"https:\/\/www.fuldaernachrichten.de\/index.php?rest_route=\/wp\/v2\/posts\/151220","targetHints":{"allow":["GET"]}}],"collection":[{"href":"https:\/\/www.fuldaernachrichten.de\/index.php?rest_route=\/wp\/v2\/posts"}],"about":[{"href":"https:\/\/www.fuldaernachrichten.de\/index.php?rest_route=\/wp\/v2\/types\/post"}],"author":[{"embeddable":true,"href":"https:\/\/www.fuldaernachrichten.de\/index.php?rest_route=\/wp\/v2\/users\/1"}],"replies":[{"embeddable":true,"href":"https:\/\/www.fuldaernachrichten.de\/index.php?rest_route=%2Fwp%2Fv2%2Fcomments&post=151220"}],"version-history":[{"count":1,"href":"https:\/\/www.fuldaernachrichten.de\/index.php?rest_route=\/wp\/v2\/posts\/151220\/revisions"}],"predecessor-version":[{"id":151228,"href":"https:\/\/www.fuldaernachrichten.de\/index.php?rest_route=\/wp\/v2\/posts\/151220\/revisions\/151228"}],"wp:featuredmedia":[{"embeddable":true,"href":"https:\/\/www.fuldaernachrichten.de\/index.php?rest_route=\/wp\/v2\/media\/151225"}],"wp:attachment":[{"href":"https:\/\/www.fuldaernachrichten.de\/index.php?rest_route=%2Fwp%2Fv2%2Fmedia&parent=151220"}],"wp:term":[{"taxonomy":"category","embeddable":true,"href":"https:\/\/www.fuldaernachrichten.de\/index.php?rest_route=%2Fwp%2Fv2%2Fcategories&post=151220"},{"taxonomy":"post_tag","embeddable":true,"href":"https:\/\/www.fuldaernachrichten.de\/index.php?rest_route=%2Fwp%2Fv2%2Ftags&post=151220"}],"curies":[{"name":"wp","href":"https:\/\/api.w.org\/{rel}","templated":true}]}}