{"id":151147,"date":"2016-05-11T10:27:10","date_gmt":"2016-05-11T08:27:10","guid":{"rendered":"http:\/\/www.fuldaer-nachrichten.de\/?p=151147"},"modified":"2016-05-11T10:27:10","modified_gmt":"2016-05-11T08:27:10","slug":"geschmack-auf-theater-machen","status":"publish","type":"post","link":"https:\/\/www.fuldaernachrichten.de\/?p=151147","title":{"rendered":"Geschmack auf Theater machen"},"content":{"rendered":"<p>Auch f\u00fcr die kommende Saison 2016\/2017 im Schlosstheater hat Theaterleiterin Angelika Lieder ein hochattraktives Programm aus Schauspiel, Konzerten, Tanztheater sowie Kinder- und Jugendauff\u00fchrungen zusammengestellt. \u201eDie Stadt profiliert sich einmal mehr in diesem f\u00fcr uns so wichtigen Kultursegment und hat \u00fcberzeugende Zahlen aus den Vorjahren vorzuweisen\u201c, betont Fuldas Kulturdezernent Dr. Heiko Wingenfeld zur Pr\u00e4sentation des neuen Theater- und Konzertprogramms.<\/p>\n<p>Klassik und Moderne<\/p>\n<p>Alleine 23 Schauspiel- sowie drei Opern- und vier Operettenauff\u00fchrungen locken zu einem Theaterbesuch, der \u201eG\u00e4ste unseres Hauses in bew\u00e4hrter Weise anspruchsvolle Kultur und Werke sowohl klassischer als auch neuer Autoren erleben l\u00e4sst.\u201c Ob Miguel de Cervantes, Arthur Miller, Berthold Brecht, Sarah Nemitz oder Fabrice Roger-Lacan \u2013 sie alle finden auf der Fuldaer B\u00fchne ihre Plattform, wobei auch aktuelle politische Bez\u00fcge bewusst ins Programm mit eingebunden worden sind. Wingenfeld verweist auf die beiden St\u00fccke \u201eDie letzte Karawanserei\u201c von Ariane Mnouchkine beziehungsweise \u201eTerror\u201c von Ferdinand von Schirach.\u00c2\u00a0 \u201eWir wollen Zeichen setzen und haben deshalb diese Auff\u00fchrungen an den Beginn der kommenden Spielzeit gesetzt.\u201c<\/p>\n<p>Nachwuchs f\u00f6rdern<\/p>\n<p>Aber auch um den kulturinteressierten G\u00e4ste-Nachwuchs f\u00fcr das Schlosstheater bem\u00fcht sich die Stadt intensiv. 20 Kinder- und Jugendauff\u00fchrungen, unter anderem mit \u201eAli Baba und die 40 R\u00e4uber\u201c oder \u201eDie Abenteuer von Pettersson und Findus\u201c und \u201eDas doppelte Lottchen\u201c sollen der nachfolgenden Generation \u201eGeschmack auf Theater\u201c machen. In den Sch\u00fcler Nachmittags- und Abendvorstellungen wird mit \u201eAmerica: Dreams and Nightmares \u2013 The life and death of Martin Luther King\u201c die B\u00fchnenfassung des St\u00fccks von Paul Stebbings und Phil Smith in englischer Sprache geboten. In ihrem Bem\u00fchen um junge Theaterbesucherinnen und<br \/>\n-besucher wird Theaterleiterin Lieder hilfreich durch den F\u00f6r-derverein des Schlosstheaters unterst\u00fctzt, der Workshops mit Jugendlichen erm\u00f6glicht.<\/p>\n<p>Ballett- und Tanztheater<\/p>\n<p>Doch was w\u00e4re das klassische Theater- und Konzertprogramm, wenn es neben drei Musical- und Showauff\u00fchrungen nicht auch Ballett- und Tanzauff\u00fchrungen gebe. Vier Abende mit erstklassigen internationalen Kompanien und T\u00e4nzern aus Kuba, Schweden und den USA, so zum Beispiel die \u201eDanza Contempor\u00e1nea de Cuba\u201c mit \u201eReversible\u201c, \u201eTangos Cunbanos\u201c oder \u201eMatria Etnocentra\u201c bereichern die Auswahl am Schlosstheater ebenso wie das amerikanische \u201eNorthWestDance Project\u201c mit \u201eMemory House\u201c.<\/p>\n<p>Dank<\/p>\n<p>Dass die Auswahl an Veranstaltungen offensichtlich den Geschmack des Publikums trifft, belegen die Zahlen. Weit mehr als 32.000 G\u00e4ste besuchten in den zur\u00fcckliegenden beiden Jahren das Schlosstheater. Die Platzausnutzung lag damit \u00fcber 90 Prozent. \u201eEin wirklich herausragendes Ergebnis\u201c, freut sich Fuldas OB und Kulturdezernent, der Theaterleiterin Lieder f\u00fcr ihr erfolgreiches Wirken in den zur\u00fcckliegenden Jahren dankte.<\/p>\n","protected":false},"excerpt":{"rendered":"<div class=\"tmnf_excerpt\"><p>Auch f\u00fcr die kommende Saison 2016\/2017 im Schlosstheater hat Theaterleiterin Angelika Lieder ein hochattraktives Programm aus Schauspiel, Konzerten, Tanztheater sowie Kinder- und Jugendauff\u00fchrungen zusammengestellt. \u201eDie Stadt profiliert sich einmal mehr in diesem f\u00fcr uns so wichtigen Kultursegment und hat \u00fcberzeugende Zahlen aus den Vorjahren vorzuweisen\u201c, betont Fuldas Kulturdezernent Dr. Heiko Wingenfeld zur Pr\u00e4sentation des neuen &hellip;<\/p>\n<\/div>","protected":false},"author":1,"featured_media":151150,"comment_status":"closed","ping_status":"closed","sticky":false,"template":"","format":"standard","meta":{"footnotes":""},"categories":[1],"tags":[],"class_list":["post-151147","post","type-post","status-publish","format-standard","has-post-thumbnail","hentry","category-startseite"],"_links":{"self":[{"href":"https:\/\/www.fuldaernachrichten.de\/index.php?rest_route=\/wp\/v2\/posts\/151147","targetHints":{"allow":["GET"]}}],"collection":[{"href":"https:\/\/www.fuldaernachrichten.de\/index.php?rest_route=\/wp\/v2\/posts"}],"about":[{"href":"https:\/\/www.fuldaernachrichten.de\/index.php?rest_route=\/wp\/v2\/types\/post"}],"author":[{"embeddable":true,"href":"https:\/\/www.fuldaernachrichten.de\/index.php?rest_route=\/wp\/v2\/users\/1"}],"replies":[{"embeddable":true,"href":"https:\/\/www.fuldaernachrichten.de\/index.php?rest_route=%2Fwp%2Fv2%2Fcomments&post=151147"}],"version-history":[{"count":1,"href":"https:\/\/www.fuldaernachrichten.de\/index.php?rest_route=\/wp\/v2\/posts\/151147\/revisions"}],"predecessor-version":[{"id":151151,"href":"https:\/\/www.fuldaernachrichten.de\/index.php?rest_route=\/wp\/v2\/posts\/151147\/revisions\/151151"}],"wp:featuredmedia":[{"embeddable":true,"href":"https:\/\/www.fuldaernachrichten.de\/index.php?rest_route=\/wp\/v2\/media\/151150"}],"wp:attachment":[{"href":"https:\/\/www.fuldaernachrichten.de\/index.php?rest_route=%2Fwp%2Fv2%2Fmedia&parent=151147"}],"wp:term":[{"taxonomy":"category","embeddable":true,"href":"https:\/\/www.fuldaernachrichten.de\/index.php?rest_route=%2Fwp%2Fv2%2Fcategories&post=151147"},{"taxonomy":"post_tag","embeddable":true,"href":"https:\/\/www.fuldaernachrichten.de\/index.php?rest_route=%2Fwp%2Fv2%2Ftags&post=151147"}],"curies":[{"name":"wp","href":"https:\/\/api.w.org\/{rel}","templated":true}]}}