{"id":151144,"date":"2016-05-11T09:46:49","date_gmt":"2016-05-11T07:46:49","guid":{"rendered":"http:\/\/www.fuldaer-nachrichten.de\/?p=151144"},"modified":"2016-05-11T09:46:49","modified_gmt":"2016-05-11T07:46:49","slug":"kjf-radtour-von-guxhagen-nach-malsfeld-vom-26-28-mai-2016","status":"publish","type":"post","link":"https:\/\/www.fuldaernachrichten.de\/?p=151144","title":{"rendered":"KJF-Radtour von Guxhagen nach Malsfeld vom 26. \u2013 28. Mai 2016"},"content":{"rendered":"<p>Die Katholische Jugend im Bistum Fulda (KJF) bietet allen jungen Menschen im Alter von 8-15 Jahren eine 3-t\u00e4gige Radtour von Guxhagen \u00fcber Fritzlar und Homberg nach Malsfeld. Vom 26. bis 28. Mai erwartet euch eine sch\u00f6ne Radtour in freier Natur, mit einer guten Gemeinschaft und jede Menge Spa\u00df!<\/p>\n<p>Infos und Anmeldung an der KJF-Di\u00f6zesanstelle bei Thomas Schreiner, Paulustor 5, 36037 Fulda, Tel. 0661\/87367, Fax 0661\/87547, per Email unter kjf@bistum-fulda.de, auf www.kjf-fulda.de oder \u00fcber facebook auf www.facebook.com\/KJFFULDA.<\/p>\n","protected":false},"excerpt":{"rendered":"<div class=\"tmnf_excerpt\"><p>Die Katholische Jugend im Bistum Fulda (KJF) bietet allen jungen Menschen im Alter von 8-15 Jahren eine 3-t\u00e4gige Radtour von Guxhagen \u00fcber Fritzlar und Homberg nach Malsfeld. Vom 26. bis 28. Mai erwartet euch eine sch\u00f6ne Radtour in freier Natur, mit einer guten Gemeinschaft und jede Menge Spa\u00df! Infos und Anmeldung an der KJF-Di\u00f6zesanstelle bei &hellip;<\/p>\n<\/div>","protected":false},"author":1,"featured_media":0,"comment_status":"closed","ping_status":"closed","sticky":false,"template":"","format":"standard","meta":{"footnotes":""},"categories":[1],"tags":[],"class_list":["post-151144","post","type-post","status-publish","format-standard","hentry","category-startseite"],"_links":{"self":[{"href":"https:\/\/www.fuldaernachrichten.de\/index.php?rest_route=\/wp\/v2\/posts\/151144","targetHints":{"allow":["GET"]}}],"collection":[{"href":"https:\/\/www.fuldaernachrichten.de\/index.php?rest_route=\/wp\/v2\/posts"}],"about":[{"href":"https:\/\/www.fuldaernachrichten.de\/index.php?rest_route=\/wp\/v2\/types\/post"}],"author":[{"embeddable":true,"href":"https:\/\/www.fuldaernachrichten.de\/index.php?rest_route=\/wp\/v2\/users\/1"}],"replies":[{"embeddable":true,"href":"https:\/\/www.fuldaernachrichten.de\/index.php?rest_route=%2Fwp%2Fv2%2Fcomments&post=151144"}],"version-history":[{"count":1,"href":"https:\/\/www.fuldaernachrichten.de\/index.php?rest_route=\/wp\/v2\/posts\/151144\/revisions"}],"predecessor-version":[{"id":151145,"href":"https:\/\/www.fuldaernachrichten.de\/index.php?rest_route=\/wp\/v2\/posts\/151144\/revisions\/151145"}],"wp:attachment":[{"href":"https:\/\/www.fuldaernachrichten.de\/index.php?rest_route=%2Fwp%2Fv2%2Fmedia&parent=151144"}],"wp:term":[{"taxonomy":"category","embeddable":true,"href":"https:\/\/www.fuldaernachrichten.de\/index.php?rest_route=%2Fwp%2Fv2%2Fcategories&post=151144"},{"taxonomy":"post_tag","embeddable":true,"href":"https:\/\/www.fuldaernachrichten.de\/index.php?rest_route=%2Fwp%2Fv2%2Ftags&post=151144"}],"curies":[{"name":"wp","href":"https:\/\/api.w.org\/{rel}","templated":true}]}}