{"id":151088,"date":"2016-05-10T09:55:29","date_gmt":"2016-05-10T07:55:29","guid":{"rendered":"http:\/\/www.fuldaer-nachrichten.de\/?p=151088"},"modified":"2016-05-10T09:55:29","modified_gmt":"2016-05-10T07:55:29","slug":"pfingsten-im-fuldaer-dom-4","status":"publish","type":"post","link":"https:\/\/www.fuldaernachrichten.de\/?p=151088","title":{"rendered":"Pfingsten im Fuldaer Dom"},"content":{"rendered":"<p>Bischof Heinz Josef Algermissen wird am Pfingstsonntag, 15. Mai, um 10 Uhr im Fuldaer Dom ein lateinisches Pontifikalamt feiern. Domchor und Jugendkathedralchor unter der Leitung von Domkapellmeister Franz-Peter Huber singen Chors\u00e4tze aus der \u201eMissa da camera\u201c von G. M. G\u00f6ttsche; an der Orgel Domorganist Prof. Hans-J\u00fcrgen Kaiser. Die weiteren Gottesdienstzeiten sind wie an Sonntagen \u00fcblich.<\/p>\n<p>Das Kathedralamt am Pfingstmontag, 16. Mai, um 10 Uhr wird Domdechant Prof. Dr. Werner Kathrein halten. In dem Gottesdienst singt der Jugendkathedralchor unter der Leitung des Domkapellmeisters Chors\u00e4tze aus der \u201eMissa IImo Domingo\u201c von G. B. Bassani sowie weitere Chors\u00e4tze im Wechsel mit der Gemeinde; die Domorgel spielt Prof. Kaiser.<\/p>\n<p>Stichwort: Pfingsten<\/p>\n<p>Pfingsten, die Erinnerungsfeier an die Sendung des Heiligen Geistes am 50. Tag nach Ostern, ist eines der Hauptfeste des Kirchenjahres. In der Apostelgeschichte wird berichtet, wie die J\u00fcnger Jesu durch das Pfingstwunder \u201emit Heiligem Geist erf\u00fcllt wurden und begannen, mit anderen Zungen zu reden\u201c (Apg 2,4). Bis zum 4. Jahrhundert feierten die Christen an Pfingsten auch die ebenfalls in der Apostelgeschichte erw\u00e4hnte Himmelfahrt Christi (Apg 1,1-11). Nachdem sich Christi Himmelfahrt zu einem eigenst\u00e4ndigen Fest entwickelt hatte, wurde Pfingsten zum Fest des Heiligen Geistes. Mit Pfingsten endet die \u00f6sterliche Festzeit. Das Wort selbst leitet sich von \u201epentekost\u00e9\u201c, dem griechischen Begriff f\u00fcr \u201eder f\u00fcnfzigste\u201c, ab.<\/p>\n<p>In allen katholischen Gottesdiensten wird am Pfingstfest f\u00fcr \u201eRenovabis\u201c, die Solidarit\u00e4tsaktion der deutschen Katholiken mit den Menschen in Mittel- und Osteuropa, gesammelt.<\/p>\n","protected":false},"excerpt":{"rendered":"<div class=\"tmnf_excerpt\"><p>Bischof Heinz Josef Algermissen wird am Pfingstsonntag, 15. Mai, um 10 Uhr im Fuldaer Dom ein lateinisches Pontifikalamt feiern. Domchor und Jugendkathedralchor unter der Leitung von Domkapellmeister Franz-Peter Huber singen Chors\u00e4tze aus der \u201eMissa da camera\u201c von G. M. G\u00f6ttsche; an der Orgel Domorganist Prof. Hans-J\u00fcrgen Kaiser. Die weiteren Gottesdienstzeiten sind wie an Sonntagen \u00fcblich. &hellip;<\/p>\n<\/div>","protected":false},"author":1,"featured_media":0,"comment_status":"closed","ping_status":"closed","sticky":false,"template":"","format":"standard","meta":{"footnotes":""},"categories":[50],"tags":[],"class_list":["post-151088","post","type-post","status-publish","format-standard","hentry","category-kirche"],"_links":{"self":[{"href":"https:\/\/www.fuldaernachrichten.de\/index.php?rest_route=\/wp\/v2\/posts\/151088","targetHints":{"allow":["GET"]}}],"collection":[{"href":"https:\/\/www.fuldaernachrichten.de\/index.php?rest_route=\/wp\/v2\/posts"}],"about":[{"href":"https:\/\/www.fuldaernachrichten.de\/index.php?rest_route=\/wp\/v2\/types\/post"}],"author":[{"embeddable":true,"href":"https:\/\/www.fuldaernachrichten.de\/index.php?rest_route=\/wp\/v2\/users\/1"}],"replies":[{"embeddable":true,"href":"https:\/\/www.fuldaernachrichten.de\/index.php?rest_route=%2Fwp%2Fv2%2Fcomments&post=151088"}],"version-history":[{"count":1,"href":"https:\/\/www.fuldaernachrichten.de\/index.php?rest_route=\/wp\/v2\/posts\/151088\/revisions"}],"predecessor-version":[{"id":151097,"href":"https:\/\/www.fuldaernachrichten.de\/index.php?rest_route=\/wp\/v2\/posts\/151088\/revisions\/151097"}],"wp:attachment":[{"href":"https:\/\/www.fuldaernachrichten.de\/index.php?rest_route=%2Fwp%2Fv2%2Fmedia&parent=151088"}],"wp:term":[{"taxonomy":"category","embeddable":true,"href":"https:\/\/www.fuldaernachrichten.de\/index.php?rest_route=%2Fwp%2Fv2%2Fcategories&post=151088"},{"taxonomy":"post_tag","embeddable":true,"href":"https:\/\/www.fuldaernachrichten.de\/index.php?rest_route=%2Fwp%2Fv2%2Ftags&post=151088"}],"curies":[{"name":"wp","href":"https:\/\/api.w.org\/{rel}","templated":true}]}}