{"id":151025,"date":"2016-05-09T08:44:59","date_gmt":"2016-05-09T06:44:59","guid":{"rendered":"http:\/\/www.fuldaer-nachrichten.de\/?p=151025"},"modified":"2016-05-09T08:45:09","modified_gmt":"2016-05-09T06:45:09","slug":"abschied-nach-18-monaten-gemeindezeit-vikar-tilman-schneider-steht-vor-dem-examen","status":"publish","type":"post","link":"https:\/\/www.fuldaernachrichten.de\/?p=151025","title":{"rendered":"Abschied nach 18 Monaten Gemeindezeit &#8211; Vikar Tilman Schneider steht vor dem Examen"},"content":{"rendered":"<p>Am 8. Mai 2016 hielt Vikar Tilman Schneider seinen letzten Gottesdienst in der Kreuzkirche. Im September 2014 hatte er seine zweite Ausbildungszeit nach dem Theologiestudium, dem ersten Examen und einer Zeit der pfarramtlichen Mithilfe in Italien begonnen.<\/p>\n<p>In seiner letzten Predigt in Neuenberg stellte Tilman Schneider das Gebet in den Mittelpunkt. Es sei ein Akt christlicher Freiheit, zu Gott zu beten, zu ihm zu rufen, so Schneider.<\/p>\n<p>Pfarrer Stefan B\u00fcrger verabschiedete ihn anschlie\u00dfend mit einigen pers\u00f6nlichen Worten. Dabei \u00fcberreichte er ihm einen Leinwanddruck des \u201eWeinstock-Gem\u00e4ldes\u201c, das Christine Hartmann zum 50-j\u00e4hrigen Jubil\u00e4um der Kreuzkirche in 2015 mit Hilfe vieler Gemeindeglieder auf Idee des F\u00f6rdervereins &#8216;Zukunft bauen&#8217; gemalt hatte. Es kn\u00fcpft an ein Bibelwort aus dem Johannesevangelium an: \u201eIch bin der Weinstock, ihr seid die Reben. Wer in mir bleibt und ich in ihm, der bringt viel Frucht, denn ohne mich k\u00f6nnt ihr nichts tun.\u201c (Joh 15,5). Jeder Fingerabdruck, jede Traube ist etwas Besonderes und zusammen bilden sie Reben am Weinstock Jesu Christi. \u201eDas Bild soll f\u00fcr Sie eine Erinnerung sein: Ohne Jesus Christus k\u00f6nnen Sie nichts tun. Und eine Erinnerung an Ihre Vikariatsgemeinde, an die vielen unterschiedlichen Trauben, die als Christen zusammengeh\u00f6ren und eine Gemeinde bilden\u201c, sagt B\u00fcrger in seinen Abschiedsworten.<\/p>\n<p>Im Gemeinderaum schloss sich noch ein Empfang an, in dem der Vorsitzende des Kirchenvorstands Jens Czapek Vikar Schneider f\u00fcr die gemeinsame Zeit dankte. Bei Sekt, O-Saft und kleinen Snacks konnte sich noch jeder selbst von Vikar Schneider verabschieden.<\/p>\n<p>Nach der Examenszeit wartet am 30.10.2016 die Ordination von Tilman Schneider in Gelnhausen. Zum 1. November wird der Bischof ihn dann mit einer eigenen Pfarrstelle in Kurhessen-Waldeck betrauen.<\/p>\n","protected":false},"excerpt":{"rendered":"<div class=\"tmnf_excerpt\"><p>Am 8. Mai 2016 hielt Vikar Tilman Schneider seinen letzten Gottesdienst in der Kreuzkirche. Im September 2014 hatte er seine zweite Ausbildungszeit nach dem Theologiestudium, dem ersten Examen und einer Zeit der pfarramtlichen Mithilfe in Italien begonnen. In seiner letzten Predigt in Neuenberg stellte Tilman Schneider das Gebet in den Mittelpunkt. Es sei ein Akt &hellip;<\/p>\n<\/div>","protected":false},"author":1,"featured_media":151026,"comment_status":"closed","ping_status":"closed","sticky":false,"template":"","format":"standard","meta":{"footnotes":""},"categories":[50],"tags":[],"class_list":["post-151025","post","type-post","status-publish","format-standard","has-post-thumbnail","hentry","category-kirche"],"_links":{"self":[{"href":"https:\/\/www.fuldaernachrichten.de\/index.php?rest_route=\/wp\/v2\/posts\/151025","targetHints":{"allow":["GET"]}}],"collection":[{"href":"https:\/\/www.fuldaernachrichten.de\/index.php?rest_route=\/wp\/v2\/posts"}],"about":[{"href":"https:\/\/www.fuldaernachrichten.de\/index.php?rest_route=\/wp\/v2\/types\/post"}],"author":[{"embeddable":true,"href":"https:\/\/www.fuldaernachrichten.de\/index.php?rest_route=\/wp\/v2\/users\/1"}],"replies":[{"embeddable":true,"href":"https:\/\/www.fuldaernachrichten.de\/index.php?rest_route=%2Fwp%2Fv2%2Fcomments&post=151025"}],"version-history":[{"count":1,"href":"https:\/\/www.fuldaernachrichten.de\/index.php?rest_route=\/wp\/v2\/posts\/151025\/revisions"}],"predecessor-version":[{"id":151027,"href":"https:\/\/www.fuldaernachrichten.de\/index.php?rest_route=\/wp\/v2\/posts\/151025\/revisions\/151027"}],"wp:featuredmedia":[{"embeddable":true,"href":"https:\/\/www.fuldaernachrichten.de\/index.php?rest_route=\/wp\/v2\/media\/151026"}],"wp:attachment":[{"href":"https:\/\/www.fuldaernachrichten.de\/index.php?rest_route=%2Fwp%2Fv2%2Fmedia&parent=151025"}],"wp:term":[{"taxonomy":"category","embeddable":true,"href":"https:\/\/www.fuldaernachrichten.de\/index.php?rest_route=%2Fwp%2Fv2%2Fcategories&post=151025"},{"taxonomy":"post_tag","embeddable":true,"href":"https:\/\/www.fuldaernachrichten.de\/index.php?rest_route=%2Fwp%2Fv2%2Ftags&post=151025"}],"curies":[{"name":"wp","href":"https:\/\/api.w.org\/{rel}","templated":true}]}}