{"id":151007,"date":"2016-05-09T08:33:32","date_gmt":"2016-05-09T06:33:32","guid":{"rendered":"http:\/\/www.fuldaer-nachrichten.de\/?p=151007"},"modified":"2016-05-09T08:33:32","modified_gmt":"2016-05-09T06:33:32","slug":"neuer-kreistag-konstituiert-sich","status":"publish","type":"post","link":"https:\/\/www.fuldaernachrichten.de\/?p=151007","title":{"rendered":"Neuer Kreistag konstituiert sich"},"content":{"rendered":"<p><img decoding=\"async\" class=\"alignleft size-thumbnail wp-image-151008\" src=\"http:\/\/www.fuldaer-nachrichten.de\/wp-content\/uploads\/2016\/05\/160503_Kreistag2-265x172.jpg\" alt=\"160503_Kreistag2\" width=\"265\" height=\"172\" srcset=\"https:\/\/www.fuldaernachrichten.de\/wp-content\/uploads\/2016\/05\/160503_Kreistag2-265x172.jpg 265w, https:\/\/www.fuldaernachrichten.de\/wp-content\/uploads\/2016\/05\/160503_Kreistag2-768x497.jpg 768w, https:\/\/www.fuldaernachrichten.de\/wp-content\/uploads\/2016\/05\/160503_Kreistag2-600x389.jpg 600w, https:\/\/www.fuldaernachrichten.de\/wp-content\/uploads\/2016\/05\/160503_Kreistag2.jpg 900w\" sizes=\"(max-width: 265px) 100vw, 265px\" \/>Zu seiner konstituierenden Sitzung kam der neue Kreistag am vergangenen Dienstag in der Stadthalle Kolpinghaus H\u00fcnfeld zusammen. Nach dem Ergebnis der Kommunalwahlen vom 6. M\u00e4rz 2016 sind im Kreistag des Landkreises Fulda die CDU mit 37, die SPD mit 13, die AfD mit 12, die Gr\u00fcnen mit 7, die CWE mit 6, die FDP mit 4, die Linke mit 2 und die Republikaner mit einem Abgeordneten vertreten. Da eine Vielzahl von Gremien neu besetzt werden musste, pr\u00e4gten zahlreiche Wahlvorg\u00e4nge die Sitzung. In verschiedenen Redebeitr\u00e4gen wurde der Wunsch nach Gemeinsamkeiten in der politischen Arbeit unterstrichen.<\/p>\n<p>Dieses Thema hatten auch Pfarrer J\u00fcrgen Gossler von der evangelischen Kirchengemeinde und sein katholischer Amtskollege Alfons Gerhardt bei einem \u00f6kumenischen Gottesdienst in der Pfarrkirche St. Jakobus zu Beginn der neuen Wahlperiode des Kreistags hervorgehoben, zu dem die Abgeordneten eingeladen waren. In seiner Ansprache appellierte Pfarrer Gossler an die Kreistagsabgeordneten, dass sie nicht das Trennende, sondern den gemeinsame Willen in den Vordergrund stellen sollten, allen Menschen im Landkreis Fulda ein gutes Leben in Freiheit, W\u00fcrde und materieller Sicherheit zu erm\u00f6glichen. Gegens\u00e4tze m\u00fcssten sachlich ausgetragen werden. Neben der Bereitschaft zur \u00dcbernahme von Verantwortung f\u00fcr die Zivilgesellschaft gehe es um Transparenz in der Meinungsbildung und Entscheidungsfindung sowie die F\u00e4higkeit, auch unbequeme Kritik zu \u00fcben. Denn ohne Kritik, die aber niemals verletzend sein d\u00fcrfe, gebe es keine Ver\u00e4nderung.<\/p>\n<p><img decoding=\"async\" class=\"alignleft size-thumbnail wp-image-151010\" src=\"http:\/\/www.fuldaer-nachrichten.de\/wp-content\/uploads\/2016\/05\/160503_Kreistag5-265x177.jpg\" alt=\"160503_Kreistag5\" width=\"265\" height=\"177\" srcset=\"https:\/\/www.fuldaernachrichten.de\/wp-content\/uploads\/2016\/05\/160503_Kreistag5-265x177.jpg 265w, https:\/\/www.fuldaernachrichten.de\/wp-content\/uploads\/2016\/05\/160503_Kreistag5-768x512.jpg 768w, https:\/\/www.fuldaernachrichten.de\/wp-content\/uploads\/2016\/05\/160503_Kreistag5-600x400.jpg 600w, https:\/\/www.fuldaernachrichten.de\/wp-content\/uploads\/2016\/05\/160503_Kreistag5.jpg 900w\" sizes=\"(max-width: 265px) 100vw, 265px\" \/>Diesen Gedanken griff Landrat Bernd Woide bei der Er\u00f6ffnung der Kreistagssitzung auf und unterstrich, dass ungeachtet der unterschiedlichen Positionen nicht das gemeinsame Ziel aus den Augen verloren werden d\u00fcrfe, die Region weiter voran zu bringen und das Beste f\u00fcr ihre Bewohner zu erreichen. Auch dankte er den neu gew\u00e4hlten Abgeordneten f\u00fcr ihr ehrenamtliches Engagement Alterspr\u00e4sident Dr. Wolfgang Huhmann (K\u00fcnzell), der anschlie\u00dfend die Sitzungsleitung \u00fcbernahm, w\u00fcnschte sich vom neuen Kreistag zukunftsweisende Beschl\u00fcsse, anregende und ergebnisorientierte Diskussionen sowie vielf\u00e4ltige menschliche Begegnungen \u00fcber Parteigrenzen hinweg. H\u00fcnfelds B\u00fcrgermeister Stefan Schwenk sagte in seinem Gru\u00dfwort, dass es darum gehen m\u00fcsse, die Spitzenposition des Landkreises Fulda in vielen Bereichen zu behaupten und nach M\u00f6glichkeit weiter auszubauen. Davon profitierten auch die kreisangeh\u00f6rigen St\u00e4dte und Gemeinden.<br \/>\nZum neuen Kreistagsvorsitzenden wurde Helmut Herchenhan (Fulda) gew\u00e4hlt. Seine Stellvertreter sind Martin Becker (H\u00fcnfeld), Thomas Gr\u00fcnkorn (K\u00fcnzell) und Susanne D\u00f6rr (Petersberg). Neben Landrat Woide und dem Ersten Kreisbeigeordneten Frederik Schmitt besteht der Kreisausschuss aus zehn ehrenamtlichen Kreisbeigeordneten: Hermann M\u00fcller (Poppenhausen), Daniela B\u00f6schen (Kalbach), Joachim Janshen (K\u00fcnzell) und Mechthild Klee (Eiterfeld), Rita Baier (Rasdorf) und Sabine Fleck (Hofbieber), Winfried Kre\u00df (Flieden), Bernhard Holzwarth (Fulda), Bernd Eckart (K\u00fcnzell) sowie Alfred Sch\u00e4ffer (Petersberg). Auch wurden mit jeweils 19 Mitgliedern ein Haupt- und Finanzausschuss, ein Ausschuss f\u00fcr Wirtschaft, Planung und Verkehr, ein Ausschuss f\u00fcr Umwelt, Landwirtschaft und Energie sowie ein Ausschuss f\u00fcr Arbeit, Soziales und Gesundheit gebildet.<\/p>\n","protected":false},"excerpt":{"rendered":"<div class=\"tmnf_excerpt\"><p>Zu seiner konstituierenden Sitzung kam der neue Kreistag am vergangenen Dienstag in der Stadthalle Kolpinghaus H\u00fcnfeld zusammen. Nach dem Ergebnis der Kommunalwahlen vom 6. M\u00e4rz 2016 sind im Kreistag des Landkreises Fulda die CDU mit 37, die SPD mit 13, die AfD mit 12, die Gr\u00fcnen mit 7, die CWE mit 6, die FDP mit &hellip;<\/p>\n<\/div>","protected":false},"author":1,"featured_media":151009,"comment_status":"closed","ping_status":"closed","sticky":false,"template":"","format":"standard","meta":{"footnotes":""},"categories":[29],"tags":[],"class_list":["post-151007","post","type-post","status-publish","format-standard","has-post-thumbnail","hentry","category-politik"],"_links":{"self":[{"href":"https:\/\/www.fuldaernachrichten.de\/index.php?rest_route=\/wp\/v2\/posts\/151007","targetHints":{"allow":["GET"]}}],"collection":[{"href":"https:\/\/www.fuldaernachrichten.de\/index.php?rest_route=\/wp\/v2\/posts"}],"about":[{"href":"https:\/\/www.fuldaernachrichten.de\/index.php?rest_route=\/wp\/v2\/types\/post"}],"author":[{"embeddable":true,"href":"https:\/\/www.fuldaernachrichten.de\/index.php?rest_route=\/wp\/v2\/users\/1"}],"replies":[{"embeddable":true,"href":"https:\/\/www.fuldaernachrichten.de\/index.php?rest_route=%2Fwp%2Fv2%2Fcomments&post=151007"}],"version-history":[{"count":1,"href":"https:\/\/www.fuldaernachrichten.de\/index.php?rest_route=\/wp\/v2\/posts\/151007\/revisions"}],"predecessor-version":[{"id":151011,"href":"https:\/\/www.fuldaernachrichten.de\/index.php?rest_route=\/wp\/v2\/posts\/151007\/revisions\/151011"}],"wp:featuredmedia":[{"embeddable":true,"href":"https:\/\/www.fuldaernachrichten.de\/index.php?rest_route=\/wp\/v2\/media\/151009"}],"wp:attachment":[{"href":"https:\/\/www.fuldaernachrichten.de\/index.php?rest_route=%2Fwp%2Fv2%2Fmedia&parent=151007"}],"wp:term":[{"taxonomy":"category","embeddable":true,"href":"https:\/\/www.fuldaernachrichten.de\/index.php?rest_route=%2Fwp%2Fv2%2Fcategories&post=151007"},{"taxonomy":"post_tag","embeddable":true,"href":"https:\/\/www.fuldaernachrichten.de\/index.php?rest_route=%2Fwp%2Fv2%2Ftags&post=151007"}],"curies":[{"name":"wp","href":"https:\/\/api.w.org\/{rel}","templated":true}]}}