{"id":150778,"date":"2016-04-29T11:00:53","date_gmt":"2016-04-29T09:00:53","guid":{"rendered":"http:\/\/www.fuldaer-nachrichten.de\/?p=150778"},"modified":"2016-04-29T11:00:53","modified_gmt":"2016-04-29T09:00:53","slug":"sebastian-kehl-in-hallo-hessen-im-hr-fernsehen","status":"publish","type":"post","link":"https:\/\/www.fuldaernachrichten.de\/?p=150778","title":{"rendered":"Sebastian Kehl in \u201eHallo Hessen\u201c im hr-fernsehen"},"content":{"rendered":"<p>Vize-Weltmeister mit der Nationalmannschaft, dreifacher deutscher Meister und ein Mal DFB-Pokalsieger mit Borussia Dortmund: Ex-Fu\u00dfball-Profi Sebastian Kehl, geboren in Fulda, aufgewachsen in Tann-Lahrbach, hat in seiner fast 20-j\u00e4hrigen Karriere viel erreicht. Welche neuen Aufgaben und Ziele der 36-J\u00e4hrige nach seiner Laufbahn verfolgt, verr\u00e4t er am Montag, 2. Mai, ab 16.05 in der Nachmittagssendung \u201eHallo Hessen\u201c im hr-fernsehen.<\/p>\n<p>Hawaii, Australien, Indien \u2013 Sebastian Kehl hat nach seinem Karriereende im vergangenen Jahr mehrere Monate die Welt bereist. In \u201eHallo Hessen\u201c zeigt er Fotos seiner Reise und spricht \u00fcber seine Erlebnisse, wie er zum Beispiel auf Hawaii einen BVB-Fan getroffen hat. Au\u00dferdem redet er \u00fcber die neu gewonnene Distanz zum Fu\u00dfball und seine neuen Ambitionen.<\/p>\n<p>Familie Kehl kocht in \u201eHallo Hessen\u201c regionale Gerichte aus der Rh\u00f6n<\/p>\n<p>Zu Gast in der Sendung sind au\u00dferdem Sebastian Kehls Vater Dieter und sein Bruder Benjamin. Die beiden K\u00f6che betreiben den Landgasthof Kehl in Lahrbach in Tann in der Rh\u00f6n. Der Landgasthof ist ein Ausflugsziel, das \u00fcber die Landesgrenzen hinaus bekannt ist. Die beiden Kehl-K\u00f6che kochen regionale hessische Gerichte in \u201eHallo Hessen\u201c und verraten Sebastian Kehls Lieblingsessen.<\/p>\n<p>Sebastian Kehl ist am Montag, 2. Mai, au\u00dferdem zu Gast in der Sportsendung \u201eHeimspiel!\u201c im hr-fernsehen um 22.45 Uhr. Moderator Markus Philipp spricht mit ihm unter anderem \u00fcber die Partie von Eintracht Frankfurt gegen Kehls Ex-Verein Borussia Dortmund am Samstag, 7. Mai.<\/p>\n","protected":false},"excerpt":{"rendered":"<div class=\"tmnf_excerpt\"><p>Vize-Weltmeister mit der Nationalmannschaft, dreifacher deutscher Meister und ein Mal DFB-Pokalsieger mit Borussia Dortmund: Ex-Fu\u00dfball-Profi Sebastian Kehl, geboren in Fulda, aufgewachsen in Tann-Lahrbach, hat in seiner fast 20-j\u00e4hrigen Karriere viel erreicht. Welche neuen Aufgaben und Ziele der 36-J\u00e4hrige nach seiner Laufbahn verfolgt, verr\u00e4t er am Montag, 2. Mai, ab 16.05 in der Nachmittagssendung \u201eHallo Hessen\u201c &hellip;<\/p>\n<\/div>","protected":false},"author":1,"featured_media":0,"comment_status":"closed","ping_status":"closed","sticky":false,"template":"","format":"standard","meta":{"footnotes":""},"categories":[1],"tags":[],"class_list":["post-150778","post","type-post","status-publish","format-standard","hentry","category-startseite"],"_links":{"self":[{"href":"https:\/\/www.fuldaernachrichten.de\/index.php?rest_route=\/wp\/v2\/posts\/150778","targetHints":{"allow":["GET"]}}],"collection":[{"href":"https:\/\/www.fuldaernachrichten.de\/index.php?rest_route=\/wp\/v2\/posts"}],"about":[{"href":"https:\/\/www.fuldaernachrichten.de\/index.php?rest_route=\/wp\/v2\/types\/post"}],"author":[{"embeddable":true,"href":"https:\/\/www.fuldaernachrichten.de\/index.php?rest_route=\/wp\/v2\/users\/1"}],"replies":[{"embeddable":true,"href":"https:\/\/www.fuldaernachrichten.de\/index.php?rest_route=%2Fwp%2Fv2%2Fcomments&post=150778"}],"version-history":[{"count":1,"href":"https:\/\/www.fuldaernachrichten.de\/index.php?rest_route=\/wp\/v2\/posts\/150778\/revisions"}],"predecessor-version":[{"id":150782,"href":"https:\/\/www.fuldaernachrichten.de\/index.php?rest_route=\/wp\/v2\/posts\/150778\/revisions\/150782"}],"wp:attachment":[{"href":"https:\/\/www.fuldaernachrichten.de\/index.php?rest_route=%2Fwp%2Fv2%2Fmedia&parent=150778"}],"wp:term":[{"taxonomy":"category","embeddable":true,"href":"https:\/\/www.fuldaernachrichten.de\/index.php?rest_route=%2Fwp%2Fv2%2Fcategories&post=150778"},{"taxonomy":"post_tag","embeddable":true,"href":"https:\/\/www.fuldaernachrichten.de\/index.php?rest_route=%2Fwp%2Fv2%2Ftags&post=150778"}],"curies":[{"name":"wp","href":"https:\/\/api.w.org\/{rel}","templated":true}]}}