{"id":150751,"date":"2016-04-29T09:51:57","date_gmt":"2016-04-29T07:51:57","guid":{"rendered":"http:\/\/www.fuldaer-nachrichten.de\/?p=150751"},"modified":"2016-04-29T09:51:57","modified_gmt":"2016-04-29T07:51:57","slug":"eduard-stieler-schueler-spenden-40-liter-blut","status":"publish","type":"post","link":"https:\/\/www.fuldaernachrichten.de\/?p=150751","title":{"rendered":"Eduard-Stieler-Sch\u00fcler spenden 40 Liter Blut"},"content":{"rendered":"<p>Am Donnerstag, den 14.04., konnte eindrucksvoll unter Beweis gestellt werden, dass der Bereich \u201eGesundheit\u201c zu den gro\u00dfen St\u00e4rken der Eduard-Stieler-Schule geh\u00f6rt. So werden Sch\u00fclerinnen und Sch\u00fcler nicht nur im Unterricht des Beruflichen Gymnasiums, der Fachoberschule oder der Berufsfachschule mit der jeweiligen Fachrichtung \u201eGesundheit\u201c theoretisch \u00fcber alle damit verbundenen Bereiche informiert, diesmal gab es auch Gelegenheit etwas f\u00fcr die Gesundheit anderer Menschen zu tun.<\/p>\n<p>Insbesondere nach Unf\u00e4llen oder Operationen besteht immer wieder ein erh\u00f6hter Bedarf an Blutkonserven. Allein in Deutschland werden etwa 15.000 Blutkonserven pro Tag ben\u00f6tigt. Aus diesem Grunde haben sich Schulleitung und Sch\u00fclervertretung \u00fcberlegt, selbst einmal eine Blutspende-Aktion im Hause durchzuf\u00fchren. Daf\u00fcr gewann man das Institut f\u00fcr Transfusionsmedizin Suhl. Neben der Tatsache, anderen Menschen damit zu helfen, gab es eine kostenlose Blutgruppenbestimmung, einen Gesundheits-Check der beiden begleitenden \u00c4rzte und einen Unfallhilfe- und Blut-spenderpass. Insgesamt meldeten sich 112 Sch\u00fclerinnen, Sch\u00fcler und Lehrkr\u00e4fte, von denen etwa 80 nach einer \u00e4rztlichen Untersuchung spenden durften und jeweils 500 Milliliter Blut spendeten.<\/p>\n<p>Im Anschluss an die Blutspende hatte die Sch\u00fclervertretung zu einem reichhaltigen Spender-Imbiss in der hauseigenen Caf\u00e9teria eingeladen. Kalte Getr\u00e4nke wurden von der Firma Rh\u00f6nSprudel und Backwaren von der Firma Happ zur Verf\u00fcgung gestellt.<\/p>\n","protected":false},"excerpt":{"rendered":"<div class=\"tmnf_excerpt\"><p>Am Donnerstag, den 14.04., konnte eindrucksvoll unter Beweis gestellt werden, dass der Bereich \u201eGesundheit\u201c zu den gro\u00dfen St\u00e4rken der Eduard-Stieler-Schule geh\u00f6rt. So werden Sch\u00fclerinnen und Sch\u00fcler nicht nur im Unterricht des Beruflichen Gymnasiums, der Fachoberschule oder der Berufsfachschule mit der jeweiligen Fachrichtung \u201eGesundheit\u201c theoretisch \u00fcber alle damit verbundenen Bereiche informiert, diesmal gab es auch Gelegenheit &hellip;<\/p>\n<\/div>","protected":false},"author":1,"featured_media":150765,"comment_status":"closed","ping_status":"closed","sticky":false,"template":"","format":"standard","meta":{"footnotes":""},"categories":[1],"tags":[],"class_list":["post-150751","post","type-post","status-publish","format-standard","has-post-thumbnail","hentry","category-startseite"],"_links":{"self":[{"href":"https:\/\/www.fuldaernachrichten.de\/index.php?rest_route=\/wp\/v2\/posts\/150751","targetHints":{"allow":["GET"]}}],"collection":[{"href":"https:\/\/www.fuldaernachrichten.de\/index.php?rest_route=\/wp\/v2\/posts"}],"about":[{"href":"https:\/\/www.fuldaernachrichten.de\/index.php?rest_route=\/wp\/v2\/types\/post"}],"author":[{"embeddable":true,"href":"https:\/\/www.fuldaernachrichten.de\/index.php?rest_route=\/wp\/v2\/users\/1"}],"replies":[{"embeddable":true,"href":"https:\/\/www.fuldaernachrichten.de\/index.php?rest_route=%2Fwp%2Fv2%2Fcomments&post=150751"}],"version-history":[{"count":1,"href":"https:\/\/www.fuldaernachrichten.de\/index.php?rest_route=\/wp\/v2\/posts\/150751\/revisions"}],"predecessor-version":[{"id":150766,"href":"https:\/\/www.fuldaernachrichten.de\/index.php?rest_route=\/wp\/v2\/posts\/150751\/revisions\/150766"}],"wp:featuredmedia":[{"embeddable":true,"href":"https:\/\/www.fuldaernachrichten.de\/index.php?rest_route=\/wp\/v2\/media\/150765"}],"wp:attachment":[{"href":"https:\/\/www.fuldaernachrichten.de\/index.php?rest_route=%2Fwp%2Fv2%2Fmedia&parent=150751"}],"wp:term":[{"taxonomy":"category","embeddable":true,"href":"https:\/\/www.fuldaernachrichten.de\/index.php?rest_route=%2Fwp%2Fv2%2Fcategories&post=150751"},{"taxonomy":"post_tag","embeddable":true,"href":"https:\/\/www.fuldaernachrichten.de\/index.php?rest_route=%2Fwp%2Fv2%2Ftags&post=150751"}],"curies":[{"name":"wp","href":"https:\/\/api.w.org\/{rel}","templated":true}]}}