{"id":150700,"date":"2016-04-28T16:27:43","date_gmt":"2016-04-28T14:27:43","guid":{"rendered":"http:\/\/www.fuldaer-nachrichten.de\/?p=150700"},"modified":"2016-04-28T16:27:43","modified_gmt":"2016-04-28T14:27:43","slug":"pfadfinder-im-ganzen-bistum-begehen-georgstag-dem-patron-der-dpsg-wird-in-unterschiedlicher-weise-gedacht","status":"publish","type":"post","link":"https:\/\/www.fuldaernachrichten.de\/?p=150700","title":{"rendered":"Pfadfinder im ganzen Bistum begehen Georgstag Dem Patron der DPSG wird in unterschiedlicher Weise gedacht"},"content":{"rendered":"<p><img decoding=\"async\" class=\"alignleft size-thumbnail wp-image-150711\" src=\"http:\/\/www.fuldaer-nachrichten.de\/wp-content\/uploads\/2016\/04\/2016-04-27-Bild1-265x177.jpg\" alt=\"2016-04-27 Bild1\" width=\"265\" height=\"177\" srcset=\"https:\/\/www.fuldaernachrichten.de\/wp-content\/uploads\/2016\/04\/2016-04-27-Bild1-265x177.jpg 265w, https:\/\/www.fuldaernachrichten.de\/wp-content\/uploads\/2016\/04\/2016-04-27-Bild1-768x512.jpg 768w, https:\/\/www.fuldaernachrichten.de\/wp-content\/uploads\/2016\/04\/2016-04-27-Bild1-600x400.jpg 600w, https:\/\/www.fuldaernachrichten.de\/wp-content\/uploads\/2016\/04\/2016-04-27-Bild1.jpg 900w\" sizes=\"(max-width: 265px) 100vw, 265px\" \/>Der 23. April ist der Gedenktag des Heiligen Georg, dem Patron der Deutschen Pfadfinderschaft St. Georg (DPSG). Deutschlandweit im ganzen Verband und damit auch im Bistum Fulda ist die Person von St. Georg dann in ganz unterschiedlicher Weise besonders pr\u00e4sent.<\/p>\n<p>Hier einige Beispiele:<\/p>\n<p>Stamm Mirjam Johannesberg gestaltet BDKJ-Jugendgottesdienst zum Georgstag\u00e2\u20ac\u00a8Die Kirche in Fulda-Johannesberg war voll. Das lag zum einen daran, dass die Gemeinde sich zur Vorabendmesse versammelt hatte, zum anderen aber auch daran, dass dieser Gottesdienst ein ganz besonderer war.\u00e2\u20ac\u00a8Besonders deswegen, weil er vom Stamm Mirjam zum Georgstag gestaltet wurde, und besonders deswegen, weil dies im Rahmen der monatlichen BDKJ-Jugendgottesdienste geschah. Die sind in diesem Jahr nicht mehr alle in St. Paulus in Ziehers, sondern &#8220;on tour&#8221;, und so war der Gottesdienst, der von der DPSG ausgerichtet wurde, eben folgerichtig bei einem der St\u00e4mme in Fulda zu Gast, n\u00e4mlich in Johannesberg.\u00e2\u20ac\u00a8Stammeskurat Michael Oswald, der zusammen mit Jugendpfarrer Thomas Renze und Di\u00f6zesankurat Sebastian Bieber dem Gottesdienst vorstand, konnte dann auch Pfadfinderinnen und Pfadfinder von nah und fern begr\u00fc\u00dfen.\u00e2\u20ac\u00a8Thematisch hatte sich der Stamm Mirjam die Pfadfindergesetze f\u00fcr den Gottesdienst vorgenommen, zu denen es verschiedene Gedanken und Impulse gab, die bei der Gemeinde gut ankamen. Musikalisch wurde der Gottesdienst von der \u00f6rtlichen &#8220;Pfadi-Band&#8221; unter der Leitung von Uli Neesemann umrahmt.\u00e2\u20ac\u00a8Nach dem Gottesdienst gab es im Pfarrhof Lagerfeuer und Stockbrot, und so wurde die Gelegenheit ausgiebig genutzt, sich wieder zu sehen, miteinander zu sprechen und am Feuer zu sitzen oder sich kennen zu lernen.<\/p>\n<p><img decoding=\"async\" class=\"alignleft size-thumbnail wp-image-150710\" src=\"http:\/\/www.fuldaer-nachrichten.de\/wp-content\/uploads\/2016\/04\/2016-04-27-Bild2-265x177.jpg\" alt=\"2016-04-27 Bild2\" width=\"265\" height=\"177\" srcset=\"https:\/\/www.fuldaernachrichten.de\/wp-content\/uploads\/2016\/04\/2016-04-27-Bild2-265x177.jpg 265w, https:\/\/www.fuldaernachrichten.de\/wp-content\/uploads\/2016\/04\/2016-04-27-Bild2-768x512.jpg 768w, https:\/\/www.fuldaernachrichten.de\/wp-content\/uploads\/2016\/04\/2016-04-27-Bild2-600x400.jpg 600w, https:\/\/www.fuldaernachrichten.de\/wp-content\/uploads\/2016\/04\/2016-04-27-Bild2.jpg 900w\" sizes=\"(max-width: 265px) 100vw, 265px\" \/>Gro\u00dfauheim: Georgstag gefeiert trotz wetterlicher Widerst\u00e4nde\u00e2\u20ac\u00a8Auch in diesem Jahr fand wieder das allj\u00e4hrliche Fest zum Georgstag bei den Pfadfindern vom Stamm St. Paul in Gro\u00dfauheim statt. Trotz vereinzeltem Nieselregen lie\u00dfen sich auch befreundete St\u00e4mme aus der Umgebung (Frankfurt, Maintal und Steinheim) nicht davon abhalten, diesen gro\u00dfen Tag mit dem Stamm St. Paul zu feiern.\u00e2\u20ac\u00a8\u00dcberall auf dem Stammesgel\u00e4nde in der Gro\u00dfauheimer Altstadt waren Spiel- und Bastelstationen f\u00fcr alle Kinder vorbereitet. Vom Regenmacher basteln und Steine bemalen bis hin zu einem Eisschollen-Spiel ohne echtes Eis war alles dabei. W\u00e4hrenddessen konnten sich die Leiter im aufgestellten Schwarzzelt mit anderen St\u00e4mmen austauschen oder sich mit Kaffee und Kuchen aber auch mit Deftigem vom Grill st\u00e4rken.\u00e2\u20ac\u00a8Am sp\u00e4ten Nachmittag gab es am Main eine breite Variation an Spielen im Freien, bei denen auch die Gruppenleiter ihr K\u00f6nnen und ihre Geschicklichkeit unter Beweis stellten. Im Anschluss daran w\u00e4rmten sich alle am Feuer und genossen ihr leckeres Stockbrot, bevor es dann zum Festgottesdient in die Jakobuskirche ging. In Zusammenarbeit mit der Pfadfinder- und Jungpfadfinder-Stufe wurde die Georgslegende dargestellt. Der Gottesdienst wurde mit dem Thema \u201eRoter Faden, der uns in Gemeinschaft verbindet\u201c abgehalten. Dazu machten die Jungpfadfinder sich im Vorfeld viele Gedanken und am Ende konnte jeder ein St\u00fcck von diesem Roten Band als Andenken an diesem sch\u00f6nen Tag mit nach Hause nehmen.\u00e2\u20ac\u00a8Am Feuer lie\u00dfen wir den aufregenden Tag in gem\u00fctlicher Runde ausklingen, wobei auch die musikalische Begleitung auf der Gitarre nicht fehlen durfte.<\/p>\n<p><img decoding=\"async\" class=\"alignleft size-thumbnail wp-image-150708\" src=\"http:\/\/www.fuldaer-nachrichten.de\/wp-content\/uploads\/2016\/04\/2016-04-27-Bild3-265x175.jpg\" alt=\"2016-04-27 Bild3\" width=\"265\" height=\"175\" srcset=\"https:\/\/www.fuldaernachrichten.de\/wp-content\/uploads\/2016\/04\/2016-04-27-Bild3-265x175.jpg 265w, https:\/\/www.fuldaernachrichten.de\/wp-content\/uploads\/2016\/04\/2016-04-27-Bild3-768x508.jpg 768w, https:\/\/www.fuldaernachrichten.de\/wp-content\/uploads\/2016\/04\/2016-04-27-Bild3-600x397.jpg 600w, https:\/\/www.fuldaernachrichten.de\/wp-content\/uploads\/2016\/04\/2016-04-27-Bild3.jpg 900w\" sizes=\"(max-width: 265px) 100vw, 265px\" \/>Marburger W\u00f6flinge machen zum Georgstag eine spannende Aktion\u00e2\u20ac\u00a8Im Zuge des Georgstages machten die Marburger W\u00f6lflinge eine \u00dcbernachtungsaktion im Herzen Marburgs. Im Gemeindehaus der kath. Gemeinde St. Peter und Paul planten sie mit insgesamt 18 Kindern und f\u00fcnf Leitern ihr Sommerlager am Edersee und suchten viele kreative und spannende Aktionen aus, die sie nach und nach in den Gruppenstunden umsetzen m\u00f6chten. \u00e2\u20ac\u00a8Nach einem abenteuerreichen Nachmittag an den Lahnwiesen gab es selbstgemachte Pizza. Anschlie\u00dfend fand zur Feier des Tages eine private Kinovorstellung samt selbstgemachtem Popcorn statt. Nach einer relativ ruhigen Nacht gab es einen gemeinsamen Familiengottesdienst und anschlie\u00dfend veranstaltete der gesamte Stamm St. Michael Marburg ein gro\u00dfes Stadtspiel durch ganz Marburg. Das Jahresthema Wasser war dank des Schneeregens auch hier pr\u00e4senter als erwartet. \u00e2\u20ac\u00a8Alle Altersstufen vom W\u00f6lfling bis zum Rover hatten an vielen verschiedenen Stationen an den zahlreichen Brunnen der Marburger Oberstadt viel Spa\u00df und erregten viel Aufmerksamkeit.<\/p>\n<p>Georgstag in Rodenbach\u00e2\u20ac\u00a8Auch in Rodenbach wurde am Sonntag der Georgstag gefeiert. In dem von den Pfadfindern gestalteten Gottesdienst zu Ehren des Heiligen Georg erneuerten die Kommunionkinder auch gleichzeitig ihr Taufversprechen. \u00e2\u20ac\u00a8Anschlie\u00dfend fand sich die Gemeinde im Pfarrhof bei W\u00fcrstchen vom Grill und Bier vom Fass ein, w\u00e4hrend die Kinder mit verschiedenen Pfadfinderspielen unterhalten wurden. \u00e2\u20ac\u00a8Am Nachmittag fand dann die Stammesversammlung statt, in der einige neue Anschaffungen und das Ziel f\u00fcr das Stammeslager 2017 beschlossen wurden.<\/p>\n","protected":false},"excerpt":{"rendered":"<div class=\"tmnf_excerpt\"><p>Der 23. April ist der Gedenktag des Heiligen Georg, dem Patron der Deutschen Pfadfinderschaft St. Georg (DPSG). Deutschlandweit im ganzen Verband und damit auch im Bistum Fulda ist die Person von St. Georg dann in ganz unterschiedlicher Weise besonders pr\u00e4sent. Hier einige Beispiele: Stamm Mirjam Johannesberg gestaltet BDKJ-Jugendgottesdienst zum Georgstag\u00e2\u20ac\u00a8Die Kirche in Fulda-Johannesberg war voll. &hellip;<\/p>\n<\/div>","protected":false},"author":1,"featured_media":150709,"comment_status":"closed","ping_status":"closed","sticky":false,"template":"","format":"standard","meta":{"footnotes":""},"categories":[1],"tags":[],"class_list":["post-150700","post","type-post","status-publish","format-standard","has-post-thumbnail","hentry","category-startseite"],"_links":{"self":[{"href":"https:\/\/www.fuldaernachrichten.de\/index.php?rest_route=\/wp\/v2\/posts\/150700","targetHints":{"allow":["GET"]}}],"collection":[{"href":"https:\/\/www.fuldaernachrichten.de\/index.php?rest_route=\/wp\/v2\/posts"}],"about":[{"href":"https:\/\/www.fuldaernachrichten.de\/index.php?rest_route=\/wp\/v2\/types\/post"}],"author":[{"embeddable":true,"href":"https:\/\/www.fuldaernachrichten.de\/index.php?rest_route=\/wp\/v2\/users\/1"}],"replies":[{"embeddable":true,"href":"https:\/\/www.fuldaernachrichten.de\/index.php?rest_route=%2Fwp%2Fv2%2Fcomments&post=150700"}],"version-history":[{"count":1,"href":"https:\/\/www.fuldaernachrichten.de\/index.php?rest_route=\/wp\/v2\/posts\/150700\/revisions"}],"predecessor-version":[{"id":150712,"href":"https:\/\/www.fuldaernachrichten.de\/index.php?rest_route=\/wp\/v2\/posts\/150700\/revisions\/150712"}],"wp:featuredmedia":[{"embeddable":true,"href":"https:\/\/www.fuldaernachrichten.de\/index.php?rest_route=\/wp\/v2\/media\/150709"}],"wp:attachment":[{"href":"https:\/\/www.fuldaernachrichten.de\/index.php?rest_route=%2Fwp%2Fv2%2Fmedia&parent=150700"}],"wp:term":[{"taxonomy":"category","embeddable":true,"href":"https:\/\/www.fuldaernachrichten.de\/index.php?rest_route=%2Fwp%2Fv2%2Fcategories&post=150700"},{"taxonomy":"post_tag","embeddable":true,"href":"https:\/\/www.fuldaernachrichten.de\/index.php?rest_route=%2Fwp%2Fv2%2Ftags&post=150700"}],"curies":[{"name":"wp","href":"https:\/\/api.w.org\/{rel}","templated":true}]}}