{"id":150691,"date":"2016-04-28T16:25:07","date_gmt":"2016-04-28T14:25:07","guid":{"rendered":"http:\/\/www.fuldaer-nachrichten.de\/?p=150691"},"modified":"2016-04-28T16:25:07","modified_gmt":"2016-04-28T14:25:07","slug":"handwerkliches-geschick-gezeigt-girls-und-boys-day-im-kalbacher-unternehmen-desoi","status":"publish","type":"post","link":"https:\/\/www.fuldaernachrichten.de\/?p=150691","title":{"rendered":"Handwerkliches Geschick gezeigt Girls und Boys Day im Kalbacher Unternehmen Desoi"},"content":{"rendered":"<p><img decoding=\"async\" class=\"alignleft size-thumbnail wp-image-150698\" src=\"http:\/\/www.fuldaer-nachrichten.de\/wp-content\/uploads\/2016\/04\/DESOI_Bild-3-265x177.jpg\" alt=\"DESOI_Bild 3\" width=\"265\" height=\"177\" srcset=\"https:\/\/www.fuldaernachrichten.de\/wp-content\/uploads\/2016\/04\/DESOI_Bild-3-265x177.jpg 265w, https:\/\/www.fuldaernachrichten.de\/wp-content\/uploads\/2016\/04\/DESOI_Bild-3-768x512.jpg 768w, https:\/\/www.fuldaernachrichten.de\/wp-content\/uploads\/2016\/04\/DESOI_Bild-3-600x400.jpg 600w, https:\/\/www.fuldaernachrichten.de\/wp-content\/uploads\/2016\/04\/DESOI_Bild-3.jpg 886w\" sizes=\"(max-width: 265px) 100vw, 265px\" \/>Technische Berufe sind nur was f\u00fcr Jungs? Von wegen! W\u00e4hrend des diesj\u00e4hrigen Girls&#8217;- und Boy&#8217;s Day in der DESOI GmbH hatten vier M\u00e4dchen und ein Junge Gelegenheit, die Arbeitsabl\u00e4ufe im Kalbacher Unternehmen kennenzulernen und Wissenswertes zu den Berufen Zerspanungsmechaniker und Industriemechaniker zu erfahren. Von Maschinenbau und Fertigung bis hin zum B\u00fcro haben Freya, Paula, Melina,\u00c2\u00a0Cecille und Elias alle Bereiche des international t\u00e4tigen Unternehmens besucht und dem Team bei der Arbeit \u00fcber die Schulter geschaut. Nachdem die Jugendlichen professionell mit Arbeitssicherheitsschuhen ausgestattet wurden, konnte sich jeder Teilnehmer als kleines Andenken ein Alu-Namensschild gravieren.<\/p>\n","protected":false},"excerpt":{"rendered":"<div class=\"tmnf_excerpt\"><p>Technische Berufe sind nur was f\u00fcr Jungs? Von wegen! W\u00e4hrend des diesj\u00e4hrigen Girls&#8217;- und Boy&#8217;s Day in der DESOI GmbH hatten vier M\u00e4dchen und ein Junge Gelegenheit, die Arbeitsabl\u00e4ufe im Kalbacher Unternehmen kennenzulernen und Wissenswertes zu den Berufen Zerspanungsmechaniker und Industriemechaniker zu erfahren. Von Maschinenbau und Fertigung bis hin zum B\u00fcro haben Freya, Paula, Melina,\u00c2\u00a0Cecille &hellip;<\/p>\n<\/div>","protected":false},"author":1,"featured_media":150697,"comment_status":"closed","ping_status":"closed","sticky":false,"template":"","format":"standard","meta":{"footnotes":""},"categories":[1],"tags":[],"class_list":["post-150691","post","type-post","status-publish","format-standard","has-post-thumbnail","hentry","category-startseite"],"_links":{"self":[{"href":"https:\/\/www.fuldaernachrichten.de\/index.php?rest_route=\/wp\/v2\/posts\/150691","targetHints":{"allow":["GET"]}}],"collection":[{"href":"https:\/\/www.fuldaernachrichten.de\/index.php?rest_route=\/wp\/v2\/posts"}],"about":[{"href":"https:\/\/www.fuldaernachrichten.de\/index.php?rest_route=\/wp\/v2\/types\/post"}],"author":[{"embeddable":true,"href":"https:\/\/www.fuldaernachrichten.de\/index.php?rest_route=\/wp\/v2\/users\/1"}],"replies":[{"embeddable":true,"href":"https:\/\/www.fuldaernachrichten.de\/index.php?rest_route=%2Fwp%2Fv2%2Fcomments&post=150691"}],"version-history":[{"count":1,"href":"https:\/\/www.fuldaernachrichten.de\/index.php?rest_route=\/wp\/v2\/posts\/150691\/revisions"}],"predecessor-version":[{"id":150699,"href":"https:\/\/www.fuldaernachrichten.de\/index.php?rest_route=\/wp\/v2\/posts\/150691\/revisions\/150699"}],"wp:featuredmedia":[{"embeddable":true,"href":"https:\/\/www.fuldaernachrichten.de\/index.php?rest_route=\/wp\/v2\/media\/150697"}],"wp:attachment":[{"href":"https:\/\/www.fuldaernachrichten.de\/index.php?rest_route=%2Fwp%2Fv2%2Fmedia&parent=150691"}],"wp:term":[{"taxonomy":"category","embeddable":true,"href":"https:\/\/www.fuldaernachrichten.de\/index.php?rest_route=%2Fwp%2Fv2%2Fcategories&post=150691"},{"taxonomy":"post_tag","embeddable":true,"href":"https:\/\/www.fuldaernachrichten.de\/index.php?rest_route=%2Fwp%2Fv2%2Ftags&post=150691"}],"curies":[{"name":"wp","href":"https:\/\/api.w.org\/{rel}","templated":true}]}}