{"id":150688,"date":"2016-04-28T16:23:50","date_gmt":"2016-04-28T14:23:50","guid":{"rendered":"http:\/\/www.fuldaer-nachrichten.de\/?p=150688"},"modified":"2016-04-28T16:23:50","modified_gmt":"2016-04-28T14:23:50","slug":"vier-jungen-besuchten-walter-fach-kraft-am-boys-day-2016","status":"publish","type":"post","link":"https:\/\/www.fuldaernachrichten.de\/?p=150688","title":{"rendered":"Vier Jungen besuchten Walter-Fach-Kraft am Boys\u00e2\u20ac\u02dc Day 2016"},"content":{"rendered":"<p>Am diesj\u00e4hrigen Boys\u00e2\u20ac\u02dc Day besuchten vier Jungen aus den Klassen 5 bis 9 die Walter-Fach-Kraft-Zentrale in Fulda, um einen Einblick in die Arbeit der Marketingabteilung zu gewinnen. Sie bew\u00e4ltigten kleine Aufgaben rund um Werbemittel, Print- und Au\u00dfenwerbung und planten in einem Brainstorming sogar einen Messeauftritt.<\/p>\n<p>\u201eIch fand, es war ein gelungener und interessant gestalteter Tag\u201c, sagte Thomas Haase, der die neunte Klasse der Rabanus-Maurus-Schule besucht. Da war er sich mit den anderen Teilnehmern einig, die flei\u00dfig der Pr\u00e4sentation lauschten und dem WFK-Marketing-Team viele Fragen zum Thema Webdesign, Kreation, Social Media und nat\u00fcrlich auch den Ausbildungs- und Studienm\u00f6glichkeiten in diesem Bereich stellten. Am Ende freuten sich die vier Jungen \u00fcber eine T\u00fcte gef\u00fcllt mit Werbemitteln, die sie vorher im Lager begutachtet und deren Einsatzm\u00f6glichkeiten sie erarbeitet hatten.<\/p>\n","protected":false},"excerpt":{"rendered":"<div class=\"tmnf_excerpt\"><p>Am diesj\u00e4hrigen Boys\u00e2\u20ac\u02dc Day besuchten vier Jungen aus den Klassen 5 bis 9 die Walter-Fach-Kraft-Zentrale in Fulda, um einen Einblick in die Arbeit der Marketingabteilung zu gewinnen. Sie bew\u00e4ltigten kleine Aufgaben rund um Werbemittel, Print- und Au\u00dfenwerbung und planten in einem Brainstorming sogar einen Messeauftritt. \u201eIch fand, es war ein gelungener und interessant gestalteter Tag\u201c, &hellip;<\/p>\n<\/div>","protected":false},"author":1,"featured_media":150693,"comment_status":"closed","ping_status":"closed","sticky":false,"template":"","format":"standard","meta":{"footnotes":""},"categories":[1],"tags":[],"class_list":["post-150688","post","type-post","status-publish","format-standard","has-post-thumbnail","hentry","category-startseite"],"_links":{"self":[{"href":"https:\/\/www.fuldaernachrichten.de\/index.php?rest_route=\/wp\/v2\/posts\/150688","targetHints":{"allow":["GET"]}}],"collection":[{"href":"https:\/\/www.fuldaernachrichten.de\/index.php?rest_route=\/wp\/v2\/posts"}],"about":[{"href":"https:\/\/www.fuldaernachrichten.de\/index.php?rest_route=\/wp\/v2\/types\/post"}],"author":[{"embeddable":true,"href":"https:\/\/www.fuldaernachrichten.de\/index.php?rest_route=\/wp\/v2\/users\/1"}],"replies":[{"embeddable":true,"href":"https:\/\/www.fuldaernachrichten.de\/index.php?rest_route=%2Fwp%2Fv2%2Fcomments&post=150688"}],"version-history":[{"count":1,"href":"https:\/\/www.fuldaernachrichten.de\/index.php?rest_route=\/wp\/v2\/posts\/150688\/revisions"}],"predecessor-version":[{"id":150694,"href":"https:\/\/www.fuldaernachrichten.de\/index.php?rest_route=\/wp\/v2\/posts\/150688\/revisions\/150694"}],"wp:featuredmedia":[{"embeddable":true,"href":"https:\/\/www.fuldaernachrichten.de\/index.php?rest_route=\/wp\/v2\/media\/150693"}],"wp:attachment":[{"href":"https:\/\/www.fuldaernachrichten.de\/index.php?rest_route=%2Fwp%2Fv2%2Fmedia&parent=150688"}],"wp:term":[{"taxonomy":"category","embeddable":true,"href":"https:\/\/www.fuldaernachrichten.de\/index.php?rest_route=%2Fwp%2Fv2%2Fcategories&post=150688"},{"taxonomy":"post_tag","embeddable":true,"href":"https:\/\/www.fuldaernachrichten.de\/index.php?rest_route=%2Fwp%2Fv2%2Ftags&post=150688"}],"curies":[{"name":"wp","href":"https:\/\/api.w.org\/{rel}","templated":true}]}}